{"id":14689,"date":"2018-04-09T17:44:34","date_gmt":"2018-04-09T17:44:34","guid":{"rendered":"http:\/\/revistaregional.com.br\/site\/?p=14689"},"modified":"2024-01-26T10:12:25","modified_gmt":"2024-01-26T13:12:25","slug":"plaza-completa-18-anos-e-traz-novidades","status":"publish","type":"post","link":"https:\/\/revistaregional.com.br\/site\/2018\/04\/09\/plaza-completa-18-anos-e-traz-novidades\/","title":{"rendered":"Plaza completa 18 anos e traz novidades"},"content":{"rendered":"<figure id=\"attachment_14690\" aria-describedby=\"caption-attachment-14690\" style=\"width: 422px\" class=\"wp-caption aligncenter\"><a href=\"http:\/\/revistaregional.com.br\/site\/wp-content\/uploads\/2018\/04\/plaza-itu-g.jpg\"><img fetchpriority=\"high\" decoding=\"async\" class=\"wp-image-14690 \" src=\"http:\/\/revistaregional.com.br\/site\/wp-content\/uploads\/2018\/04\/plaza-itu-g.jpg\" alt=\"\" width=\"422\" height=\"211\" data-id=\"14690\" srcset=\"https:\/\/revistaregional.com.br\/site\/wp-content\/uploads\/2018\/04\/plaza-itu-g.jpg 1280w, https:\/\/revistaregional.com.br\/site\/wp-content\/uploads\/2018\/04\/plaza-itu-g-300x150.jpg 300w, https:\/\/revistaregional.com.br\/site\/wp-content\/uploads\/2018\/04\/plaza-itu-g-1024x511.jpg 1024w, https:\/\/revistaregional.com.br\/site\/wp-content\/uploads\/2018\/04\/plaza-itu-g-150x75.jpg 150w\" sizes=\"(max-width: 422px) 100vw, 422px\" \/><\/a><figcaption id=\"caption-attachment-14690\" class=\"wp-caption-text\">O Plaza Shopping prepara diversas novidades a partir deste m\u00eas, quando comemora 18 anos de atividades<\/figcaption><\/figure>\n<p>Neste m\u00eas de abril, o Plaza Shopping Itu alcan\u00e7a o seu 18\u00ba anivers\u00e1rio com grandes motivos para comemorar. Atendendo a um p\u00fablico de mais de 8 milh\u00f5es de consumidores por ano, o empreendimento se orgulha em oferecer sempre novidades aos clientes de uma regi\u00e3o formada pelas cidades de Itu, Salto, Cabre\u00fava, Porto Feliz e Indaiatuba.<\/p>\n<p>Como todos os anos, em 2018, o Plaza refor\u00e7a algumas novidades em seu mix de lojas. Com uma amplia\u00e7\u00e3o em andamento, a Lojas Renner ocupar\u00e1 um espa\u00e7o de mais de 1 mil m\u00b2, trazendo ao p\u00fablico do shopping o seu conceito de moda feminina, masculina e infantil, al\u00e9m de uma se\u00e7\u00e3o de perfumaria. A previs\u00e3o de inaugura\u00e7\u00e3o da loja \u00e9 para o segundo semestre deste ano.<\/p>\n<p>\u201cEstamos orgulhosos em atender um pedido recorrente dos nossos clientes e, principalmente, oferecer um mix ainda mais completo aos nossos frequentadores. Mas, as novidades n\u00e3o param por a\u00ed, ainda h\u00e1 outras lojas chegando ao Plaza nos pr\u00f3ximos meses\u201d, ressalta Milena Damasio, superintendente do shopping.<\/p>\n<p>O empreendimento tamb\u00e9m j\u00e1 anunciou a sorveteria Cuor Di Crema, rede que respeita as tradi\u00e7\u00f5es e os processos das leg\u00edtimas gelaterias artesanais italianas, sendo todos os seus produtos 100% naturais, sem adi\u00e7\u00e3o de aromatizantes, corantes e conservantes. Outra novidade que, em breve, estar\u00e1 \u00e0 disposi\u00e7\u00e3o dos clientes do Plaza \u00e9 a nacionalmente conhecida loja Tip Top, ampliando o mix de vestu\u00e1rio infantil.<\/p>\n<p>FESTA DE ANIVERS\u00c1RIO<\/p>\n<p>O m\u00eas de abril \u00e9 sempre especial no Plaza! A programa\u00e7\u00e3o do anivers\u00e1rio de 18 anos n\u00e3o poderia ser diferente e uma agenda especial de eventos foi elaborada para levar a fam\u00edlia toda ao shopping.<\/p>\n<p>\u201cConvidamos os nossos clientes a comemorar a vida com atra\u00e7\u00f5es que v\u00e3o agradar as mais diversas faixas et\u00e1rias. Ningu\u00e9m vai ficar de fora dessa festa\u201d, garante Edgar Silveira, gerente de Marketing do Plaza.<\/p>\n<p>Na estreia da programa\u00e7\u00e3o, dia 07, s\u00e1bado, o personagem Bob Esponja visita o Plaza para sess\u00f5es de fotos com os adultos e crian\u00e7as, a partir das 13h, em sess\u00f5es de 30 minutos, com intervalos e entregas de senhas. J\u00e1 no domingo, dia 08, \u00e0s 9h, o evento \u201cAcelera Sa\u00fade\u201d chega a sua segunda edi\u00e7\u00e3o com Encontro de Carros e tendas com orienta\u00e7\u00f5es de sa\u00fade, inclusive com vacina\u00e7\u00e3o contra a febre amarela.<\/p>\n<p>A programa\u00e7\u00e3o de encontros com personagens apresenta dia 14, s\u00e1bado, a partir das 13h, os personagens Marshall e Chase, da Patrulha Canina. Dia 21 de abril \u00e9 a vez de Dora e Diego irem ao Plaza Shopping Itu. Ambos os eventos seguem o cronograma de atendimento do primeiro encontro com senhas para as sess\u00f5es e intervalos.<\/p>\n<p>No \u00faltimo final de semana, a programa\u00e7\u00e3o fica ainda mais completa. Na sexta, dia 27, \u00e0s 19h, a Banda Uni\u00e3o dos Artistas apresenta um repert\u00f3rio especial na Pra\u00e7a de Alimenta\u00e7\u00e3o. No s\u00e1bado, dia 28, o \u00faltimo encontro com personagens da agenda de anivers\u00e1rio, o Transformer Bumblebee vem para a alegria de crian\u00e7as e adultos, a partir das 13h.<\/p>\n<p>E para encerrar a programa\u00e7\u00e3o de 18 anos do Plaza Shopping Itu, o projeto \u201cTeatrando\u201d estreia sua oitava temporada com a pe\u00e7a infantil \u201cBranca de Neve\u201d, um cl\u00e1ssico especial, no domingo, dia 29, \u00e0s 16h, na Pra\u00e7a de Alimenta\u00e7\u00e3o.<\/p>\n<p>PLAZA PRIME<\/p>\n<p>O programa de fidelidade do shopping sempre busca surpreender os clientes com novidades e a\u00e7\u00f5es exclusivas. Durante o m\u00eas de abril, um cat\u00e1logo exclusivo com pr\u00eamios, vantagens e experi\u00eancias in\u00e9ditas. Para participar, basta cadastrar as notas e cupons fiscais das lojas participantes no balc\u00e3o do Atendimento ao Cliente.<\/p>\n<p>MAIS: Confira os detalhes da programa\u00e7\u00e3o de anivers\u00e1rio no site www.plazashoppingitu.com.br.<\/p>\n<p><em>foto: Arquivo<\/em><\/p>\n","protected":false},"excerpt":{"rendered":"<p>Neste m\u00eas de abril, o Plaza Shopping Itu alcan\u00e7a o seu 18\u00ba anivers\u00e1rio com grandes motivos para comemorar. Atendendo a um p\u00fablico de mais de 8 milh\u00f5es de consumidores por ano, o empreendimento se orgulha em oferecer sempre novidades aos clientes de uma regi\u00e3o formada pelas cidades de Itu, Salto, Cabre\u00fava, Porto Feliz e Indaiatuba. [&hellip;]<\/p>\n","protected":false},"author":1,"featured_media":14690,"comment_status":"open","ping_status":"open","sticky":false,"template":"","format":"standard","meta":{"_acf_changed":false,"ngg_post_thumbnail":0,"_joinchat":[],"footnotes":""},"categories":[12],"tags":[527],"class_list":["post-14689","post","type-post","status-publish","format-standard","has-post-thumbnail","hentry","category-regionais","tag-regionais"],"acf":[],"yoast_head":"<!-- This site is optimized with the Yoast SEO plugin v27.4 - https:\/\/yoast.com\/product\/yoast-seo-wordpress\/ -->\n<title>Plaza completa 18 anos e traz novidades - Revista Regional<\/title>\n<meta name=\"description\" content=\"O Plaza Shopping Itu prepara diversas novidades a partir deste m\u00eas, quando comemora 18 anos de atividades\" \/>\n<meta name=\"robots\" content=\"index, follow, max-snippet:-1, max-image-preview:large, max-video-preview:-1\" \/>\n<link rel=\"canonical\" href=\"https:\/\/revistaregional.com.br\/site\/2018\/04\/09\/plaza-completa-18-anos-e-traz-novidades\/\" \/>\n<meta property=\"og:locale\" content=\"pt_BR\" \/>\n<meta property=\"og:type\" content=\"article\" \/>\n<meta property=\"og:title\" content=\"Plaza completa 18 anos e traz novidades - Revista Regional\" \/>\n<meta property=\"og:description\" content=\"O Plaza Shopping Itu prepara diversas novidades a partir deste m\u00eas, quando comemora 18 anos de atividades\" \/>\n<meta property=\"og:url\" content=\"https:\/\/revistaregional.com.br\/site\/2018\/04\/09\/plaza-completa-18-anos-e-traz-novidades\/\" \/>\n<meta property=\"og:site_name\" content=\"Revista Regional\" \/>\n<meta property=\"article:published_time\" content=\"2018-04-09T17:44:34+00:00\" \/>\n<meta property=\"article:modified_time\" content=\"2024-01-26T13:12:25+00:00\" \/>\n<meta property=\"og:image\" content=\"https:\/\/revistaregional.com.br\/site\/wp-content\/uploads\/2018\/04\/plaza-itu-g.jpg\" \/>\n\t<meta property=\"og:image:width\" content=\"1280\" \/>\n\t<meta property=\"og:image:height\" content=\"639\" \/>\n\t<meta property=\"og:image:type\" content=\"image\/jpeg\" \/>\n<meta name=\"author\" content=\"contato@revistaregional.com.br\" \/>\n<meta name=\"twitter:card\" content=\"summary_large_image\" \/>\n<meta name=\"twitter:label1\" content=\"Escrito por\" \/>\n\t<meta name=\"twitter:data1\" content=\"contato@revistaregional.com.br\" \/>\n\t<meta name=\"twitter:label2\" content=\"Est. tempo de leitura\" \/>\n\t<meta name=\"twitter:data2\" content=\"3 minutos\" \/>\n<script type=\"application\/ld+json\" class=\"yoast-schema-graph\">{\"@context\":\"https:\\\/\\\/schema.org\",\"@graph\":[{\"@type\":\"Article\",\"@id\":\"https:\\\/\\\/revistaregional.com.br\\\/site\\\/2018\\\/04\\\/09\\\/plaza-completa-18-anos-e-traz-novidades\\\/#article\",\"isPartOf\":{\"@id\":\"https:\\\/\\\/revistaregional.com.br\\\/site\\\/2018\\\/04\\\/09\\\/plaza-completa-18-anos-e-traz-novidades\\\/\"},\"author\":{\"name\":\"contato@revistaregional.com.br\",\"@id\":\"https:\\\/\\\/revistaregional.com.br\\\/site\\\/#\\\/schema\\\/person\\\/382af97c580dc1b18f55107bc316010d\"},\"headline\":\"Plaza completa 18 anos e traz novidades\",\"datePublished\":\"2018-04-09T17:44:34+00:00\",\"dateModified\":\"2024-01-26T13:12:25+00:00\",\"mainEntityOfPage\":{\"@id\":\"https:\\\/\\\/revistaregional.com.br\\\/site\\\/2018\\\/04\\\/09\\\/plaza-completa-18-anos-e-traz-novidades\\\/\"},\"wordCount\":665,\"commentCount\":0,\"image\":{\"@id\":\"https:\\\/\\\/revistaregional.com.br\\\/site\\\/2018\\\/04\\\/09\\\/plaza-completa-18-anos-e-traz-novidades\\\/#primaryimage\"},\"thumbnailUrl\":\"https:\\\/\\\/revistaregional.com.br\\\/site\\\/wp-content\\\/uploads\\\/2018\\\/04\\\/plaza-itu-g.jpg\",\"keywords\":[\"Regionais\"],\"articleSection\":[\"Regionais\"],\"inLanguage\":\"pt-BR\",\"potentialAction\":[{\"@type\":\"CommentAction\",\"name\":\"Comment\",\"target\":[\"https:\\\/\\\/revistaregional.com.br\\\/site\\\/2018\\\/04\\\/09\\\/plaza-completa-18-anos-e-traz-novidades\\\/#respond\"]}]},{\"@type\":\"WebPage\",\"@id\":\"https:\\\/\\\/revistaregional.com.br\\\/site\\\/2018\\\/04\\\/09\\\/plaza-completa-18-anos-e-traz-novidades\\\/\",\"url\":\"https:\\\/\\\/revistaregional.com.br\\\/site\\\/2018\\\/04\\\/09\\\/plaza-completa-18-anos-e-traz-novidades\\\/\",\"name\":\"Plaza completa 18 anos e traz novidades - Revista Regional\",\"isPartOf\":{\"@id\":\"https:\\\/\\\/revistaregional.com.br\\\/site\\\/#website\"},\"primaryImageOfPage\":{\"@id\":\"https:\\\/\\\/revistaregional.com.br\\\/site\\\/2018\\\/04\\\/09\\\/plaza-completa-18-anos-e-traz-novidades\\\/#primaryimage\"},\"image\":{\"@id\":\"https:\\\/\\\/revistaregional.com.br\\\/site\\\/2018\\\/04\\\/09\\\/plaza-completa-18-anos-e-traz-novidades\\\/#primaryimage\"},\"thumbnailUrl\":\"https:\\\/\\\/revistaregional.com.br\\\/site\\\/wp-content\\\/uploads\\\/2018\\\/04\\\/plaza-itu-g.jpg\",\"datePublished\":\"2018-04-09T17:44:34+00:00\",\"dateModified\":\"2024-01-26T13:12:25+00:00\",\"author\":{\"@id\":\"https:\\\/\\\/revistaregional.com.br\\\/site\\\/#\\\/schema\\\/person\\\/382af97c580dc1b18f55107bc316010d\"},\"description\":\"O Plaza Shopping Itu prepara diversas novidades a partir deste m\u00eas, quando comemora 18 anos de atividades\",\"breadcrumb\":{\"@id\":\"https:\\\/\\\/revistaregional.com.br\\\/site\\\/2018\\\/04\\\/09\\\/plaza-completa-18-anos-e-traz-novidades\\\/#breadcrumb\"},\"inLanguage\":\"pt-BR\",\"potentialAction\":[{\"@type\":\"ReadAction\",\"target\":[\"https:\\\/\\\/revistaregional.com.br\\\/site\\\/2018\\\/04\\\/09\\\/plaza-completa-18-anos-e-traz-novidades\\\/\"]}]},{\"@type\":\"ImageObject\",\"inLanguage\":\"pt-BR\",\"@id\":\"https:\\\/\\\/revistaregional.com.br\\\/site\\\/2018\\\/04\\\/09\\\/plaza-completa-18-anos-e-traz-novidades\\\/#primaryimage\",\"url\":\"https:\\\/\\\/revistaregional.com.br\\\/site\\\/wp-content\\\/uploads\\\/2018\\\/04\\\/plaza-itu-g.jpg\",\"contentUrl\":\"https:\\\/\\\/revistaregional.com.br\\\/site\\\/wp-content\\\/uploads\\\/2018\\\/04\\\/plaza-itu-g.jpg\",\"width\":1280,\"height\":639,\"caption\":\"DCIM100MEDIADJI_0300.JPG\"},{\"@type\":\"BreadcrumbList\",\"@id\":\"https:\\\/\\\/revistaregional.com.br\\\/site\\\/2018\\\/04\\\/09\\\/plaza-completa-18-anos-e-traz-novidades\\\/#breadcrumb\",\"itemListElement\":[{\"@type\":\"ListItem\",\"position\":1,\"name\":\"In\u00edcio\",\"item\":\"https:\\\/\\\/revistaregional.com.br\\\/site\\\/\"},{\"@type\":\"ListItem\",\"position\":2,\"name\":\"Plaza completa 18 anos e traz novidades\"}]},{\"@type\":\"WebSite\",\"@id\":\"https:\\\/\\\/revistaregional.com.br\\\/site\\\/#website\",\"url\":\"https:\\\/\\\/revistaregional.com.br\\\/site\\\/\",\"name\":\"Revista Regional\",\"description\":\"Salto - Itu - Indaituba\",\"potentialAction\":[{\"@type\":\"SearchAction\",\"target\":{\"@type\":\"EntryPoint\",\"urlTemplate\":\"https:\\\/\\\/revistaregional.com.br\\\/site\\\/?s={search_term_string}\"},\"query-input\":{\"@type\":\"PropertyValueSpecification\",\"valueRequired\":true,\"valueName\":\"search_term_string\"}}],\"inLanguage\":\"pt-BR\"},{\"@type\":\"Person\",\"@id\":\"https:\\\/\\\/revistaregional.com.br\\\/site\\\/#\\\/schema\\\/person\\\/382af97c580dc1b18f55107bc316010d\",\"name\":\"contato@revistaregional.com.br\",\"image\":{\"@type\":\"ImageObject\",\"inLanguage\":\"pt-BR\",\"@id\":\"https:\\\/\\\/secure.gravatar.com\\\/avatar\\\/869822917e96b2e292d5827e4635855396934485e7c4a0af84e9a214e32ca0cd?s=96&d=mm&r=g\",\"url\":\"https:\\\/\\\/secure.gravatar.com\\\/avatar\\\/869822917e96b2e292d5827e4635855396934485e7c4a0af84e9a214e32ca0cd?s=96&d=mm&r=g\",\"contentUrl\":\"https:\\\/\\\/secure.gravatar.com\\\/avatar\\\/869822917e96b2e292d5827e4635855396934485e7c4a0af84e9a214e32ca0cd?s=96&d=mm&r=g\",\"caption\":\"contato@revistaregional.com.br\"},\"url\":\"https:\\\/\\\/revistaregional.com.br\\\/site\\\/author\\\/contato@revistaregional.com.br\\\/\"}]}<\/script>\n<!-- \/ Yoast SEO plugin. -->","yoast_head_json":{"title":"Plaza completa 18 anos e traz novidades - Revista Regional","description":"O Plaza Shopping Itu prepara diversas novidades a partir deste m\u00eas, quando comemora 18 anos de atividades","robots":{"index":"index","follow":"follow","max-snippet":"max-snippet:-1","max-image-preview":"max-image-preview:large","max-video-preview":"max-video-preview:-1"},"canonical":"https:\/\/revistaregional.com.br\/site\/2018\/04\/09\/plaza-completa-18-anos-e-traz-novidades\/","og_locale":"pt_BR","og_type":"article","og_title":"Plaza completa 18 anos e traz novidades - Revista Regional","og_description":"O Plaza Shopping Itu prepara diversas novidades a partir deste m\u00eas, quando comemora 18 anos de atividades","og_url":"https:\/\/revistaregional.com.br\/site\/2018\/04\/09\/plaza-completa-18-anos-e-traz-novidades\/","og_site_name":"Revista Regional","article_published_time":"2018-04-09T17:44:34+00:00","article_modified_time":"2024-01-26T13:12:25+00:00","og_image":[{"width":1280,"height":639,"url":"https:\/\/revistaregional.com.br\/site\/wp-content\/uploads\/2018\/04\/plaza-itu-g.jpg","type":"image\/jpeg"}],"author":"contato@revistaregional.com.br","twitter_card":"summary_large_image","twitter_misc":{"Escrito por":"contato@revistaregional.com.br","Est. tempo de leitura":"3 minutos"},"schema":{"@context":"https:\/\/schema.org","@graph":[{"@type":"Article","@id":"https:\/\/revistaregional.com.br\/site\/2018\/04\/09\/plaza-completa-18-anos-e-traz-novidades\/#article","isPartOf":{"@id":"https:\/\/revistaregional.com.br\/site\/2018\/04\/09\/plaza-completa-18-anos-e-traz-novidades\/"},"author":{"name":"contato@revistaregional.com.br","@id":"https:\/\/revistaregional.com.br\/site\/#\/schema\/person\/382af97c580dc1b18f55107bc316010d"},"headline":"Plaza completa 18 anos e traz novidades","datePublished":"2018-04-09T17:44:34+00:00","dateModified":"2024-01-26T13:12:25+00:00","mainEntityOfPage":{"@id":"https:\/\/revistaregional.com.br\/site\/2018\/04\/09\/plaza-completa-18-anos-e-traz-novidades\/"},"wordCount":665,"commentCount":0,"image":{"@id":"https:\/\/revistaregional.com.br\/site\/2018\/04\/09\/plaza-completa-18-anos-e-traz-novidades\/#primaryimage"},"thumbnailUrl":"https:\/\/revistaregional.com.br\/site\/wp-content\/uploads\/2018\/04\/plaza-itu-g.jpg","keywords":["Regionais"],"articleSection":["Regionais"],"inLanguage":"pt-BR","potentialAction":[{"@type":"CommentAction","name":"Comment","target":["https:\/\/revistaregional.com.br\/site\/2018\/04\/09\/plaza-completa-18-anos-e-traz-novidades\/#respond"]}]},{"@type":"WebPage","@id":"https:\/\/revistaregional.com.br\/site\/2018\/04\/09\/plaza-completa-18-anos-e-traz-novidades\/","url":"https:\/\/revistaregional.com.br\/site\/2018\/04\/09\/plaza-completa-18-anos-e-traz-novidades\/","name":"Plaza completa 18 anos e traz novidades - Revista Regional","isPartOf":{"@id":"https:\/\/revistaregional.com.br\/site\/#website"},"primaryImageOfPage":{"@id":"https:\/\/revistaregional.com.br\/site\/2018\/04\/09\/plaza-completa-18-anos-e-traz-novidades\/#primaryimage"},"image":{"@id":"https:\/\/revistaregional.com.br\/site\/2018\/04\/09\/plaza-completa-18-anos-e-traz-novidades\/#primaryimage"},"thumbnailUrl":"https:\/\/revistaregional.com.br\/site\/wp-content\/uploads\/2018\/04\/plaza-itu-g.jpg","datePublished":"2018-04-09T17:44:34+00:00","dateModified":"2024-01-26T13:12:25+00:00","author":{"@id":"https:\/\/revistaregional.com.br\/site\/#\/schema\/person\/382af97c580dc1b18f55107bc316010d"},"description":"O Plaza Shopping Itu prepara diversas novidades a partir deste m\u00eas, quando comemora 18 anos de atividades","breadcrumb":{"@id":"https:\/\/revistaregional.com.br\/site\/2018\/04\/09\/plaza-completa-18-anos-e-traz-novidades\/#breadcrumb"},"inLanguage":"pt-BR","potentialAction":[{"@type":"ReadAction","target":["https:\/\/revistaregional.com.br\/site\/2018\/04\/09\/plaza-completa-18-anos-e-traz-novidades\/"]}]},{"@type":"ImageObject","inLanguage":"pt-BR","@id":"https:\/\/revistaregional.com.br\/site\/2018\/04\/09\/plaza-completa-18-anos-e-traz-novidades\/#primaryimage","url":"https:\/\/revistaregional.com.br\/site\/wp-content\/uploads\/2018\/04\/plaza-itu-g.jpg","contentUrl":"https:\/\/revistaregional.com.br\/site\/wp-content\/uploads\/2018\/04\/plaza-itu-g.jpg","width":1280,"height":639,"caption":"DCIM100MEDIADJI_0300.JPG"},{"@type":"BreadcrumbList","@id":"https:\/\/revistaregional.com.br\/site\/2018\/04\/09\/plaza-completa-18-anos-e-traz-novidades\/#breadcrumb","itemListElement":[{"@type":"ListItem","position":1,"name":"In\u00edcio","item":"https:\/\/revistaregional.com.br\/site\/"},{"@type":"ListItem","position":2,"name":"Plaza completa 18 anos e traz novidades"}]},{"@type":"WebSite","@id":"https:\/\/revistaregional.com.br\/site\/#website","url":"https:\/\/revistaregional.com.br\/site\/","name":"Revista Regional","description":"Salto - Itu - Indaituba","potentialAction":[{"@type":"SearchAction","target":{"@type":"EntryPoint","urlTemplate":"https:\/\/revistaregional.com.br\/site\/?s={search_term_string}"},"query-input":{"@type":"PropertyValueSpecification","valueRequired":true,"valueName":"search_term_string"}}],"inLanguage":"pt-BR"},{"@type":"Person","@id":"https:\/\/revistaregional.com.br\/site\/#\/schema\/person\/382af97c580dc1b18f55107bc316010d","name":"contato@revistaregional.com.br","image":{"@type":"ImageObject","inLanguage":"pt-BR","@id":"https:\/\/secure.gravatar.com\/avatar\/869822917e96b2e292d5827e4635855396934485e7c4a0af84e9a214e32ca0cd?s=96&d=mm&r=g","url":"https:\/\/secure.gravatar.com\/avatar\/869822917e96b2e292d5827e4635855396934485e7c4a0af84e9a214e32ca0cd?s=96&d=mm&r=g","contentUrl":"https:\/\/secure.gravatar.com\/avatar\/869822917e96b2e292d5827e4635855396934485e7c4a0af84e9a214e32ca0cd?s=96&d=mm&r=g","caption":"contato@revistaregional.com.br"},"url":"https:\/\/revistaregional.com.br\/site\/author\/contato@revistaregional.com.br\/"}]}},"views":131,"_links":{"self":[{"href":"https:\/\/revistaregional.com.br\/site\/wp-json\/wp\/v2\/posts\/14689","targetHints":{"allow":["GET"]}}],"collection":[{"href":"https:\/\/revistaregional.com.br\/site\/wp-json\/wp\/v2\/posts"}],"about":[{"href":"https:\/\/revistaregional.com.br\/site\/wp-json\/wp\/v2\/types\/post"}],"author":[{"embeddable":true,"href":"https:\/\/revistaregional.com.br\/site\/wp-json\/wp\/v2\/users\/1"}],"replies":[{"embeddable":true,"href":"https:\/\/revistaregional.com.br\/site\/wp-json\/wp\/v2\/comments?post=14689"}],"version-history":[{"count":2,"href":"https:\/\/revistaregional.com.br\/site\/wp-json\/wp\/v2\/posts\/14689\/revisions"}],"predecessor-version":[{"id":14692,"href":"https:\/\/revistaregional.com.br\/site\/wp-json\/wp\/v2\/posts\/14689\/revisions\/14692"}],"wp:featuredmedia":[{"embeddable":true,"href":"https:\/\/revistaregional.com.br\/site\/wp-json\/wp\/v2\/media\/14690"}],"wp:attachment":[{"href":"https:\/\/revistaregional.com.br\/site\/wp-json\/wp\/v2\/media?parent=14689"}],"wp:term":[{"taxonomy":"category","embeddable":true,"href":"https:\/\/revistaregional.com.br\/site\/wp-json\/wp\/v2\/categories?post=14689"},{"taxonomy":"post_tag","embeddable":true,"href":"https:\/\/revistaregional.com.br\/site\/wp-json\/wp\/v2\/tags?post=14689"}],"curies":[{"name":"wp","href":"https:\/\/api.w.org\/{rel}","templated":true}]}}