{"id":14269,"date":"2018-03-08T17:02:04","date_gmt":"2018-03-08T17:02:04","guid":{"rendered":"http:\/\/revistaregional.com.br\/site\/?p=14269"},"modified":"2024-01-26T10:12:27","modified_gmt":"2024-01-26T13:12:27","slug":"publicitarios-atestam-forca-da-marca-regional","status":"publish","type":"post","link":"https:\/\/revistaregional.com.br\/site\/2018\/03\/08\/publicitarios-atestam-forca-da-marca-regional\/","title":{"rendered":"Publicit\u00e1rios atestam a for\u00e7a da marca REGIONAL"},"content":{"rendered":"<p>No segmento de revistas, REGIONAL \u00e9 evocada num contexto altamente positivo que ressalta a sua qualidade editorial e a sua credibilidade. \u00c9 tamb\u00e9m comprovada a for\u00e7a da sua marca junto aos leitores e anunciantes. Ao comemorar 15 anos, selecionamos grandes publicit\u00e1rios e profissionais de Marketing da regi\u00e3o e perguntamos: <em>\u201cPor que voc\u00ea indica a REGIONAL?\u201d<\/em>. Os depoimentos est\u00e3o a seguir e atestam mais uma vez a import\u00e2ncia da revista para a constru\u00e7\u00e3o e fortalecimento de uma marca ou produto, sendo uma das melhores vitrines para os anunciantes da regi\u00e3o.<\/p>\n<p>&nbsp;<\/p>\n<p><a href=\"http:\/\/revistaregional.com.br\/site\/wp-content\/uploads\/2018\/03\/1-1.jpg\"><img fetchpriority=\"high\" decoding=\"async\" class=\"wp-image-14270 alignright\" src=\"http:\/\/revistaregional.com.br\/site\/wp-content\/uploads\/2018\/03\/1-1.jpg\" alt=\"\" width=\"299\" height=\"299\" data-id=\"14270\" srcset=\"https:\/\/revistaregional.com.br\/site\/wp-content\/uploads\/2018\/03\/1-1.jpg 1024w, https:\/\/revistaregional.com.br\/site\/wp-content\/uploads\/2018\/03\/1-1-270x270.jpg 270w, https:\/\/revistaregional.com.br\/site\/wp-content\/uploads\/2018\/03\/1-1-300x300.jpg 300w, https:\/\/revistaregional.com.br\/site\/wp-content\/uploads\/2018\/03\/1-1-150x150.jpg 150w\" sizes=\"(max-width: 299px) 100vw, 299px\" \/><\/a><\/p>\n<p>\u201cA Verbo tem uma parceria com a Revista Regional h\u00e1 pelo menos sete anos. Ao longo deste tempo, tivemos alguns clientes com an\u00fancios frequentes na revista, pois acreditamos que \u00e9 um bom ve\u00edculo regional para divulga\u00e7\u00e3o principalmente do varejo, j\u00e1 que ela tem uma leitura jovial que conversa com diversas faixas de idade. Ent\u00e3o, indico a revista, pois percebemos uma boa presen\u00e7a do meio na regi\u00e3o de cobertura e tem sido um bom apoio para os planejamentos dos nossos clientes.\u201d<\/p>\n<p>ANDR\u00c9 COSCARELLI<\/p>\n<p>Verbo Comunica\u00e7\u00e3o<\/p>\n<p>(Sorocaba)<\/p>\n<p>&nbsp;<\/p>\n<p><a href=\"http:\/\/revistaregional.com.br\/site\/wp-content\/uploads\/2018\/03\/2-2.jpg\"><img decoding=\"async\" class=\" wp-image-14271 alignleft\" src=\"http:\/\/revistaregional.com.br\/site\/wp-content\/uploads\/2018\/03\/2-2.jpg\" alt=\"\" width=\"228\" height=\"342\" data-id=\"14271\" srcset=\"https:\/\/revistaregional.com.br\/site\/wp-content\/uploads\/2018\/03\/2-2.jpg 683w, https:\/\/revistaregional.com.br\/site\/wp-content\/uploads\/2018\/03\/2-2-200x300.jpg 200w, https:\/\/revistaregional.com.br\/site\/wp-content\/uploads\/2018\/03\/2-2-100x150.jpg 100w\" sizes=\"(max-width: 228px) 100vw, 228px\" \/><\/a><\/p>\n<p>&nbsp;<\/p>\n<p style=\"text-align: left;\">\u201cA Revista Regional \u00e9 um dos poucos ve\u00edculos de comunica\u00e7\u00e3o que atingem diversos p\u00fablicos numa \u00fanica edi\u00e7\u00e3o. \u00c9 atual, possui conte\u00fado din\u00e2mico e sem falar que o padr\u00e3o de diagrama\u00e7\u00e3o que \u2018enche os olhos\u2019 \u00e9 a escolha certa para comunicar-se com a regi\u00e3o.\u201d<\/p>\n<p style=\"text-align: left;\">DI BATISTELLA<\/p>\n<p style=\"text-align: left;\">Ag\u00eancia DGM<\/p>\n<p style=\"text-align: left;\">(Sorocaba)<\/p>\n<p>&nbsp;<\/p>\n<p>&nbsp;<\/p>\n<p><a href=\"http:\/\/revistaregional.com.br\/site\/wp-content\/uploads\/2018\/03\/3-1.jpg\"><img decoding=\"async\" class=\"wp-image-14272 alignright\" src=\"http:\/\/revistaregional.com.br\/site\/wp-content\/uploads\/2018\/03\/3-1.jpg\" alt=\"\" width=\"304\" height=\"203\" data-id=\"14272\" srcset=\"https:\/\/revistaregional.com.br\/site\/wp-content\/uploads\/2018\/03\/3-1.jpg 1280w, https:\/\/revistaregional.com.br\/site\/wp-content\/uploads\/2018\/03\/3-1-300x200.jpg 300w, https:\/\/revistaregional.com.br\/site\/wp-content\/uploads\/2018\/03\/3-1-1024x682.jpg 1024w, https:\/\/revistaregional.com.br\/site\/wp-content\/uploads\/2018\/03\/3-1-225x150.jpg 225w, https:\/\/revistaregional.com.br\/site\/wp-content\/uploads\/2018\/03\/3-1-150x100.jpg 150w, https:\/\/revistaregional.com.br\/site\/wp-content\/uploads\/2018\/03\/3-1-272x182.jpg 272w\" sizes=\"(max-width: 304px) 100vw, 304px\" \/><\/a><\/p>\n<p>&nbsp;<\/p>\n<p>&nbsp;<\/p>\n<p>&nbsp;<\/p>\n<p>&nbsp;<\/p>\n<p>&nbsp;<\/p>\n<p style=\"text-align: right;\">\u201cN\u00f3s, da DCF2 Brasil, sempre prezamos pela qualidade e profissionalismo. Sempre procuramos otimizar os investimentos de nossos clientes com o maior custo benef\u00edcio poss\u00edvel. O respeito e o comprometimento com resultados \u00e9 o que nos faz indicar a Revista Regional quando estamos realizando um planejamento de m\u00eddia. N\u00e3o bastasse tudo isso, a revista ainda preza pelo bom layout e diagrama\u00e7\u00e3o &#8211; isso \u00e9 muito importante, j\u00e1 que temos sempre a certeza de que nossos clientes ter\u00e3o uma boa visibilidade junto ao seu p\u00fablico.&nbsp;<\/p>\n<p style=\"text-align: right;\">Parab\u00e9ns, Regional pelos seus 15 anos!\u201d<\/p>\n<p style=\"text-align: right;\">FREDDY FORNER<\/p>\n<p style=\"text-align: right;\">diretor s\u00eanior de cria\u00e7\u00e3o<\/p>\n<p style=\"text-align: right;\">DCF2 Brasil&nbsp;&nbsp;&nbsp;&nbsp;&nbsp;&nbsp;&nbsp;&nbsp;&nbsp;&nbsp;&nbsp;&nbsp;&nbsp;<\/p>\n<p style=\"text-align: right;\">(Indaiatuba)<\/p>\n<p>&nbsp;<\/p>\n<p style=\"text-align: left;\"><a href=\"http:\/\/revistaregional.com.br\/site\/wp-content\/uploads\/2018\/03\/4.jpg\"><img loading=\"lazy\" decoding=\"async\" class=\"wp-image-14273 alignleft\" src=\"http:\/\/revistaregional.com.br\/site\/wp-content\/uploads\/2018\/03\/4.jpg\" alt=\"\" width=\"280\" height=\"280\" data-id=\"14273\" srcset=\"https:\/\/revistaregional.com.br\/site\/wp-content\/uploads\/2018\/03\/4.jpg 1024w, https:\/\/revistaregional.com.br\/site\/wp-content\/uploads\/2018\/03\/4-270x270.jpg 270w, https:\/\/revistaregional.com.br\/site\/wp-content\/uploads\/2018\/03\/4-300x300.jpg 300w, https:\/\/revistaregional.com.br\/site\/wp-content\/uploads\/2018\/03\/4-150x150.jpg 150w\" sizes=\"(max-width: 280px) 100vw, 280px\" \/><\/a>\u201cEm 15 anos de mercado a Revista Regional mostrou uma qualidade editorial impec\u00e1vel, com conte\u00fados relevantes e alinhados aos seus leitores. Indico a revista n\u00e3o apenas por sua j\u00e1 reconhecida qualidade, mas tamb\u00e9m pela postura \u00e9tica, respons\u00e1vel e de parceria que a editora sempre teve com seus clientes.\u201d<\/p>\n<p style=\"text-align: left;\">MARCEL HUDSON GUIDO<\/p>\n<p style=\"text-align: left;\">diretor de Arte<\/p>\n<p style=\"text-align: left;\">G2R Comunica\u00e7\u00e3o<\/p>\n<p style=\"text-align: left;\">(Itu)<\/p>\n<p>&nbsp;<\/p>\n<p><a href=\"http:\/\/revistaregional.com.br\/site\/wp-content\/uploads\/2018\/03\/5.jpg\"><img loading=\"lazy\" decoding=\"async\" class=\"wp-image-14274 alignright\" src=\"http:\/\/revistaregional.com.br\/site\/wp-content\/uploads\/2018\/03\/5.jpg\" alt=\"\" width=\"231\" height=\"364\" data-id=\"14274\" srcset=\"https:\/\/revistaregional.com.br\/site\/wp-content\/uploads\/2018\/03\/5.jpg 649w, https:\/\/revistaregional.com.br\/site\/wp-content\/uploads\/2018\/03\/5-190x300.jpg 190w, https:\/\/revistaregional.com.br\/site\/wp-content\/uploads\/2018\/03\/5-95x150.jpg 95w\" sizes=\"(max-width: 231px) 100vw, 231px\" \/><\/a><\/p>\n<p>&nbsp;<\/p>\n<p style=\"text-align: right;\">&#8220;\u00c9 n\u00edtida a boa impress\u00e3o que a Revista Regional causa em nossos clientes quando apresentamos como op\u00e7\u00e3o de m\u00eddia impressa regional. Al\u00e9m do conte\u00fado muito bem trabalhado em suas edi\u00e7\u00f5es, a qualidade dos editoriais e a pr\u00f3pria est\u00e9tica da revista a fazem diferente de outras op\u00e7\u00f5es, sem contar sua log\u00edstica que permite que meu cliente chegue efetivamente ao seu target. Indiquei, indico e vou continuar indicando&#8230;&#8221;<\/p>\n<p style=\"text-align: right;\">M\u00c1RCIO ALEXANDRE SOMBINI<\/p>\n<p style=\"text-align: right;\">MaPa Comunica\u00e7\u00e3o Integrada<\/p>\n<p style=\"text-align: right;\">(Indaiatuba)<\/p>\n<p>&nbsp;<\/p>\n<p>&nbsp;<\/p>\n<p>&nbsp;<\/p>\n<p><a href=\"http:\/\/revistaregional.com.br\/site\/wp-content\/uploads\/2018\/03\/6.jpg\"><img loading=\"lazy\" decoding=\"async\" class=\"wp-image-14275 alignleft\" src=\"http:\/\/revistaregional.com.br\/site\/wp-content\/uploads\/2018\/03\/6.jpg\" alt=\"\" width=\"226\" height=\"339\" data-id=\"14275\" srcset=\"https:\/\/revistaregional.com.br\/site\/wp-content\/uploads\/2018\/03\/6.jpg 682w, https:\/\/revistaregional.com.br\/site\/wp-content\/uploads\/2018\/03\/6-200x300.jpg 200w, https:\/\/revistaregional.com.br\/site\/wp-content\/uploads\/2018\/03\/6-100x150.jpg 100w\" sizes=\"(max-width: 226px) 100vw, 226px\" \/><\/a>\u201cA Revista Regional j\u00e1 est\u00e1 consolidada no mercado, mant\u00e9m h\u00e1 15 anos sua identidade e padr\u00e3o de qualidade. Na ag\u00eancia, temos v\u00e1rios casos de sucesso de empresas que veicularam na Regional e tiveram muito resultado. A revista se destaca pelo p\u00fablico que alcan\u00e7a, pela qualidade editorial, a impress\u00e3o gr\u00e1fica, por sua entrega e, principalmente, pelo social. Com certeza, a Regional \u00e9 uma op\u00e7\u00e3o em nossos planejamentos de m\u00eddia aos clientes da ag\u00eancia que buscam qualidade e um p\u00fablico segmentado. Eu recomendo a Regional!\u201d<\/p>\n<p>PAULA MICAI MUNIZ<\/p>\n<p>propriet\u00e1ria da ag\u00eancia Comunic Publicidade<\/p>\n<p>(Itu)<\/p>\n<p>foto: &nbsp;Piervi Fonseca\/P&amp;B Arte Imagem<\/p>\n<p>&nbsp;<\/p>\n<p>&nbsp;<\/p>\n<p style=\"text-align: right;\"><a href=\"http:\/\/revistaregional.com.br\/site\/wp-content\/uploads\/2018\/03\/7-e1520527882358.jpg\"><img loading=\"lazy\" decoding=\"async\" class=\"wp-image-14276  alignright\" src=\"http:\/\/revistaregional.com.br\/site\/wp-content\/uploads\/2018\/03\/7-e1520527882358.jpg\" alt=\"\" width=\"223\" height=\"311\" data-id=\"14276\" srcset=\"https:\/\/revistaregional.com.br\/site\/wp-content\/uploads\/2018\/03\/7-e1520527882358.jpg 573w, https:\/\/revistaregional.com.br\/site\/wp-content\/uploads\/2018\/03\/7-e1520527882358-215x300.jpg 215w, https:\/\/revistaregional.com.br\/site\/wp-content\/uploads\/2018\/03\/7-e1520527882358-108x150.jpg 108w\" sizes=\"(max-width: 223px) 100vw, 223px\" \/><\/a>\u201cParticipar da constru\u00e7\u00e3o de uma hist\u00f3ria de sucesso n\u00e3o \u00e9 para poucos. Em \u00e9pocas que observamos a queda brusca de investimentos publicit\u00e1rios&nbsp; e inger\u00eancias exacerbadas no gerenciamento de conte\u00fado, a Revista Regional vai na contram\u00e3o do processo: traduz em&nbsp;compet\u00eancia, credibilidade e solidez sua linda trajet\u00f3ria editorial.\u201d<\/p>\n<p style=\"text-align: right;\">EDUARDO PITALUGA<\/p>\n<p style=\"text-align: right;\">professor universit\u00e1rio e publicit\u00e1rio<\/p>\n<p style=\"text-align: right;\">diretor da Ox Comunica\u00e7\u00e3o<\/p>\n<p style=\"text-align: right;\">(Sorocaba)<\/p>\n<p>&nbsp;<\/p>\n<p>&nbsp;<\/p>\n<p><a href=\"http:\/\/revistaregional.com.br\/site\/wp-content\/uploads\/2018\/03\/8.jpg\"><img loading=\"lazy\" decoding=\"async\" class=\"wp-image-14277 alignleft\" src=\"http:\/\/revistaregional.com.br\/site\/wp-content\/uploads\/2018\/03\/8.jpg\" alt=\"\" width=\"168\" height=\"235\" data-id=\"14277\" srcset=\"https:\/\/revistaregional.com.br\/site\/wp-content\/uploads\/2018\/03\/8.jpg 731w, https:\/\/revistaregional.com.br\/site\/wp-content\/uploads\/2018\/03\/8-214x300.jpg 214w, https:\/\/revistaregional.com.br\/site\/wp-content\/uploads\/2018\/03\/8-107x150.jpg 107w\" sizes=\"(max-width: 168px) 100vw, 168px\" \/><\/a><\/p>\n<p>\u201cA Revista Regional, ao longo de seus 15 anos de exist\u00eancia, consagrou-se como refer\u00eancia em comunica\u00e7\u00e3o em nossa regi\u00e3o. Os assuntos abordados pela Regional s\u00e3o sempre pertinentes \u00e0 atualidade e apresentam opini\u00f5es que contemplam os diferentes pontos de vista, direito que deve ser garantido aos leitores em uma sociedade democr\u00e1tica e no jornalismo de qualidade. Com textos primorosos e diagrama\u00e7\u00e3o impec\u00e1vel, \u00e9 bem quista entre anunciantes e leitores. Surpreender o p\u00fablico \u00e9 sempre uma meta de seus diretores Renato Lima e Zeca Almeida, que conseguiram ao longo desses 15 anos fazer revista, o ve\u00edculo que mais se adequa \u00e0 regi\u00e3o, o que nos ajuda muito a indic\u00e1-la para aqueles que realmente acreditam e investem em uma comunica\u00e7\u00e3o de qualidade, na busca de se obter diferenciais em seus neg\u00f3cios, projetos, a\u00e7\u00f5es e eventos. Parab\u00e9ns \u00e0 revista e aos profissionais que nos brindam mensalmente com uma edi\u00e7\u00e3o diferenciada com cuidados que contemplam os textos e seus contextos\u201d.<\/p>\n<p>ANTONIO VALINI<\/p>\n<p>Jornalista, mestre em Marketing e doutorando em Educa\u00e7\u00e3o<\/p>\n<p>(Salto)<\/p>\n<p style=\"text-align: right;\"><a href=\"http:\/\/revistaregional.com.br\/site\/wp-content\/uploads\/2018\/03\/9.jpg\"><img loading=\"lazy\" decoding=\"async\" class=\"wp-image-14278 alignright\" src=\"http:\/\/revistaregional.com.br\/site\/wp-content\/uploads\/2018\/03\/9.jpg\" alt=\"\" width=\"367\" height=\"275\" data-id=\"14278\" srcset=\"https:\/\/revistaregional.com.br\/site\/wp-content\/uploads\/2018\/03\/9.jpg 1280w, https:\/\/revistaregional.com.br\/site\/wp-content\/uploads\/2018\/03\/9-300x225.jpg 300w, https:\/\/revistaregional.com.br\/site\/wp-content\/uploads\/2018\/03\/9-1024x768.jpg 1024w, https:\/\/revistaregional.com.br\/site\/wp-content\/uploads\/2018\/03\/9-200x150.jpg 200w, https:\/\/revistaregional.com.br\/site\/wp-content\/uploads\/2018\/03\/9-150x113.jpg 150w, https:\/\/revistaregional.com.br\/site\/wp-content\/uploads\/2018\/03\/9-413x311.jpg 413w\" sizes=\"(max-width: 367px) 100vw, 367px\" \/><\/a>\u201cAlgumas hist\u00f3rias em comunica\u00e7\u00e3o na nossa cidade e sua regi\u00e3o me fazem sentir um enorme orgulho. Uma delas \u00e9 a de Zeca Almeida, Renato Lima e sua equipe. Em resumo: Revista Regional-15 anos. A cada m\u00eas, mais novidades, assuntos diversificados, fotos bel\u00edssimas e conceito moderno. Um ve\u00edculo que invade os lugares com coisas boas e bonitas, positivas, agu\u00e7ando a nossa curiosidade sobre os temas que em toda edi\u00e7\u00e3o surpreendem. A revista alimenta a regi\u00e3o com informa\u00e7\u00f5es preciosas, que se preservam de um m\u00eas ao outro (as edi\u00e7\u00f5es duram meses nas recep\u00e7\u00f5es, sem perder o interesse; incr\u00edvel isso). Sem contar a enorme generosidade em agregar pessoas para contribuir com informa\u00e7\u00f5es e experi\u00eancias; divulgando seus nomes e hist\u00f3rias por onde a revista andar. A nossa parceria vem de longe. De forma justa, honesta, com credibilidade e confian\u00e7a.&nbsp;Aplausos a esses profissionais que sabem fazer jornalismo, com seriedade e responsabilidade; sem esquecer a beleza, a gra\u00e7a e a modernidade. Viva os 15 anos da Regional! E que vivam para mais 15, 30&#8230; e mais anos. A regi\u00e3o merece.\u201d<\/p>\n<p style=\"text-align: right;\">VANISE BEGOSSI<\/p>\n<p style=\"text-align: right;\">Estacom &#8211; Esta\u00e7\u00e3o da Comunica\u00e7\u00e3o | Integrati<\/p>\n<p style=\"text-align: right;\">(Salto)<\/p>\n<p style=\"text-align: right;\">foto: Felipe Rubinatto<\/p>\n","protected":false},"excerpt":{"rendered":"<p>No segmento de revistas, REGIONAL \u00e9 evocada num contexto altamente positivo que ressalta a sua qualidade editorial e a sua credibilidade. \u00c9 tamb\u00e9m comprovada a for\u00e7a da sua marca junto aos leitores e anunciantes. Ao comemorar 15 anos, selecionamos grandes publicit\u00e1rios e profissionais de Marketing da regi\u00e3o e perguntamos: \u201cPor que voc\u00ea indica a REGIONAL?\u201d. [&hellip;]<\/p>\n","protected":false},"author":1,"featured_media":14281,"comment_status":"open","ping_status":"open","sticky":false,"template":"","format":"standard","meta":{"_acf_changed":false,"ngg_post_thumbnail":0,"_joinchat":[],"footnotes":""},"categories":[12],"tags":[527],"class_list":["post-14269","post","type-post","status-publish","format-standard","has-post-thumbnail","hentry","category-regionais","tag-regionais"],"acf":[],"yoast_head":"<!-- This site is optimized with the Yoast SEO plugin v27.4 - https:\/\/yoast.com\/product\/yoast-seo-wordpress\/ -->\n<title>Publicit\u00e1rios atestam a for\u00e7a da marca REGIONAL - Revista Regional<\/title>\n<meta name=\"robots\" content=\"index, follow, max-snippet:-1, max-image-preview:large, max-video-preview:-1\" \/>\n<link rel=\"canonical\" href=\"https:\/\/revistaregional.com.br\/site\/2018\/03\/08\/publicitarios-atestam-forca-da-marca-regional\/\" \/>\n<meta property=\"og:locale\" content=\"pt_BR\" \/>\n<meta property=\"og:type\" content=\"article\" \/>\n<meta property=\"og:title\" content=\"Publicit\u00e1rios atestam a for\u00e7a da marca REGIONAL - Revista Regional\" \/>\n<meta property=\"og:description\" content=\"No segmento de revistas, REGIONAL \u00e9 evocada num contexto altamente positivo que ressalta a sua qualidade editorial e a sua credibilidade. \u00c9 tamb\u00e9m comprovada a for\u00e7a da sua marca junto aos leitores e anunciantes. Ao comemorar 15 anos, selecionamos grandes publicit\u00e1rios e profissionais de Marketing da regi\u00e3o e perguntamos: \u201cPor que voc\u00ea indica a REGIONAL?\u201d. [&hellip;]\" \/>\n<meta property=\"og:url\" content=\"https:\/\/revistaregional.com.br\/site\/2018\/03\/08\/publicitarios-atestam-forca-da-marca-regional\/\" \/>\n<meta property=\"og:site_name\" content=\"Revista Regional\" \/>\n<meta property=\"article:published_time\" content=\"2018-03-08T17:02:04+00:00\" \/>\n<meta property=\"article:modified_time\" content=\"2024-01-26T13:12:27+00:00\" \/>\n<meta property=\"og:image\" content=\"https:\/\/revistaregional.com.br\/site\/wp-content\/uploads\/2018\/03\/FOTO-DESTAQUE.jpg\" \/>\n\t<meta property=\"og:image:width\" content=\"1688\" \/>\n\t<meta property=\"og:image:height\" content=\"1125\" \/>\n\t<meta property=\"og:image:type\" content=\"image\/jpeg\" \/>\n<meta name=\"author\" content=\"contato@revistaregional.com.br\" \/>\n<meta name=\"twitter:card\" content=\"summary_large_image\" \/>\n<meta name=\"twitter:label1\" content=\"Escrito por\" \/>\n\t<meta name=\"twitter:data1\" content=\"contato@revistaregional.com.br\" \/>\n\t<meta name=\"twitter:label2\" content=\"Est. tempo de leitura\" \/>\n\t<meta name=\"twitter:data2\" content=\"5 minutos\" \/>\n<script type=\"application\/ld+json\" class=\"yoast-schema-graph\">{\"@context\":\"https:\\\/\\\/schema.org\",\"@graph\":[{\"@type\":\"Article\",\"@id\":\"https:\\\/\\\/revistaregional.com.br\\\/site\\\/2018\\\/03\\\/08\\\/publicitarios-atestam-forca-da-marca-regional\\\/#article\",\"isPartOf\":{\"@id\":\"https:\\\/\\\/revistaregional.com.br\\\/site\\\/2018\\\/03\\\/08\\\/publicitarios-atestam-forca-da-marca-regional\\\/\"},\"author\":{\"name\":\"contato@revistaregional.com.br\",\"@id\":\"https:\\\/\\\/revistaregional.com.br\\\/site\\\/#\\\/schema\\\/person\\\/382af97c580dc1b18f55107bc316010d\"},\"headline\":\"Publicit\u00e1rios atestam a for\u00e7a da marca REGIONAL\",\"datePublished\":\"2018-03-08T17:02:04+00:00\",\"dateModified\":\"2024-01-26T13:12:27+00:00\",\"mainEntityOfPage\":{\"@id\":\"https:\\\/\\\/revistaregional.com.br\\\/site\\\/2018\\\/03\\\/08\\\/publicitarios-atestam-forca-da-marca-regional\\\/\"},\"wordCount\":1105,\"commentCount\":0,\"image\":{\"@id\":\"https:\\\/\\\/revistaregional.com.br\\\/site\\\/2018\\\/03\\\/08\\\/publicitarios-atestam-forca-da-marca-regional\\\/#primaryimage\"},\"thumbnailUrl\":\"https:\\\/\\\/revistaregional.com.br\\\/site\\\/wp-content\\\/uploads\\\/2018\\\/03\\\/FOTO-DESTAQUE.jpg\",\"keywords\":[\"Regionais\"],\"articleSection\":[\"Regionais\"],\"inLanguage\":\"pt-BR\",\"potentialAction\":[{\"@type\":\"CommentAction\",\"name\":\"Comment\",\"target\":[\"https:\\\/\\\/revistaregional.com.br\\\/site\\\/2018\\\/03\\\/08\\\/publicitarios-atestam-forca-da-marca-regional\\\/#respond\"]}]},{\"@type\":\"WebPage\",\"@id\":\"https:\\\/\\\/revistaregional.com.br\\\/site\\\/2018\\\/03\\\/08\\\/publicitarios-atestam-forca-da-marca-regional\\\/\",\"url\":\"https:\\\/\\\/revistaregional.com.br\\\/site\\\/2018\\\/03\\\/08\\\/publicitarios-atestam-forca-da-marca-regional\\\/\",\"name\":\"Publicit\u00e1rios atestam a for\u00e7a da marca REGIONAL - Revista Regional\",\"isPartOf\":{\"@id\":\"https:\\\/\\\/revistaregional.com.br\\\/site\\\/#website\"},\"primaryImageOfPage\":{\"@id\":\"https:\\\/\\\/revistaregional.com.br\\\/site\\\/2018\\\/03\\\/08\\\/publicitarios-atestam-forca-da-marca-regional\\\/#primaryimage\"},\"image\":{\"@id\":\"https:\\\/\\\/revistaregional.com.br\\\/site\\\/2018\\\/03\\\/08\\\/publicitarios-atestam-forca-da-marca-regional\\\/#primaryimage\"},\"thumbnailUrl\":\"https:\\\/\\\/revistaregional.com.br\\\/site\\\/wp-content\\\/uploads\\\/2018\\\/03\\\/FOTO-DESTAQUE.jpg\",\"datePublished\":\"2018-03-08T17:02:04+00:00\",\"dateModified\":\"2024-01-26T13:12:27+00:00\",\"author\":{\"@id\":\"https:\\\/\\\/revistaregional.com.br\\\/site\\\/#\\\/schema\\\/person\\\/382af97c580dc1b18f55107bc316010d\"},\"breadcrumb\":{\"@id\":\"https:\\\/\\\/revistaregional.com.br\\\/site\\\/2018\\\/03\\\/08\\\/publicitarios-atestam-forca-da-marca-regional\\\/#breadcrumb\"},\"inLanguage\":\"pt-BR\",\"potentialAction\":[{\"@type\":\"ReadAction\",\"target\":[\"https:\\\/\\\/revistaregional.com.br\\\/site\\\/2018\\\/03\\\/08\\\/publicitarios-atestam-forca-da-marca-regional\\\/\"]}]},{\"@type\":\"ImageObject\",\"inLanguage\":\"pt-BR\",\"@id\":\"https:\\\/\\\/revistaregional.com.br\\\/site\\\/2018\\\/03\\\/08\\\/publicitarios-atestam-forca-da-marca-regional\\\/#primaryimage\",\"url\":\"https:\\\/\\\/revistaregional.com.br\\\/site\\\/wp-content\\\/uploads\\\/2018\\\/03\\\/FOTO-DESTAQUE.jpg\",\"contentUrl\":\"https:\\\/\\\/revistaregional.com.br\\\/site\\\/wp-content\\\/uploads\\\/2018\\\/03\\\/FOTO-DESTAQUE.jpg\",\"width\":1688,\"height\":1125,\"caption\":\"stack of open colorful magazines. information\"},{\"@type\":\"BreadcrumbList\",\"@id\":\"https:\\\/\\\/revistaregional.com.br\\\/site\\\/2018\\\/03\\\/08\\\/publicitarios-atestam-forca-da-marca-regional\\\/#breadcrumb\",\"itemListElement\":[{\"@type\":\"ListItem\",\"position\":1,\"name\":\"In\u00edcio\",\"item\":\"https:\\\/\\\/revistaregional.com.br\\\/site\\\/\"},{\"@type\":\"ListItem\",\"position\":2,\"name\":\"Publicit\u00e1rios atestam a for\u00e7a da marca REGIONAL\"}]},{\"@type\":\"WebSite\",\"@id\":\"https:\\\/\\\/revistaregional.com.br\\\/site\\\/#website\",\"url\":\"https:\\\/\\\/revistaregional.com.br\\\/site\\\/\",\"name\":\"Revista Regional\",\"description\":\"Salto - Itu - Indaituba\",\"potentialAction\":[{\"@type\":\"SearchAction\",\"target\":{\"@type\":\"EntryPoint\",\"urlTemplate\":\"https:\\\/\\\/revistaregional.com.br\\\/site\\\/?s={search_term_string}\"},\"query-input\":{\"@type\":\"PropertyValueSpecification\",\"valueRequired\":true,\"valueName\":\"search_term_string\"}}],\"inLanguage\":\"pt-BR\"},{\"@type\":\"Person\",\"@id\":\"https:\\\/\\\/revistaregional.com.br\\\/site\\\/#\\\/schema\\\/person\\\/382af97c580dc1b18f55107bc316010d\",\"name\":\"contato@revistaregional.com.br\",\"image\":{\"@type\":\"ImageObject\",\"inLanguage\":\"pt-BR\",\"@id\":\"https:\\\/\\\/secure.gravatar.com\\\/avatar\\\/869822917e96b2e292d5827e4635855396934485e7c4a0af84e9a214e32ca0cd?s=96&d=mm&r=g\",\"url\":\"https:\\\/\\\/secure.gravatar.com\\\/avatar\\\/869822917e96b2e292d5827e4635855396934485e7c4a0af84e9a214e32ca0cd?s=96&d=mm&r=g\",\"contentUrl\":\"https:\\\/\\\/secure.gravatar.com\\\/avatar\\\/869822917e96b2e292d5827e4635855396934485e7c4a0af84e9a214e32ca0cd?s=96&d=mm&r=g\",\"caption\":\"contato@revistaregional.com.br\"},\"url\":\"https:\\\/\\\/revistaregional.com.br\\\/site\\\/author\\\/contato@revistaregional.com.br\\\/\"}]}<\/script>\n<!-- \/ Yoast SEO plugin. -->","yoast_head_json":{"title":"Publicit\u00e1rios atestam a for\u00e7a da marca REGIONAL - Revista Regional","robots":{"index":"index","follow":"follow","max-snippet":"max-snippet:-1","max-image-preview":"max-image-preview:large","max-video-preview":"max-video-preview:-1"},"canonical":"https:\/\/revistaregional.com.br\/site\/2018\/03\/08\/publicitarios-atestam-forca-da-marca-regional\/","og_locale":"pt_BR","og_type":"article","og_title":"Publicit\u00e1rios atestam a for\u00e7a da marca REGIONAL - Revista Regional","og_description":"No segmento de revistas, REGIONAL \u00e9 evocada num contexto altamente positivo que ressalta a sua qualidade editorial e a sua credibilidade. \u00c9 tamb\u00e9m comprovada a for\u00e7a da sua marca junto aos leitores e anunciantes. Ao comemorar 15 anos, selecionamos grandes publicit\u00e1rios e profissionais de Marketing da regi\u00e3o e perguntamos: \u201cPor que voc\u00ea indica a REGIONAL?\u201d. [&hellip;]","og_url":"https:\/\/revistaregional.com.br\/site\/2018\/03\/08\/publicitarios-atestam-forca-da-marca-regional\/","og_site_name":"Revista Regional","article_published_time":"2018-03-08T17:02:04+00:00","article_modified_time":"2024-01-26T13:12:27+00:00","og_image":[{"width":1688,"height":1125,"url":"https:\/\/revistaregional.com.br\/site\/wp-content\/uploads\/2018\/03\/FOTO-DESTAQUE.jpg","type":"image\/jpeg"}],"author":"contato@revistaregional.com.br","twitter_card":"summary_large_image","twitter_misc":{"Escrito por":"contato@revistaregional.com.br","Est. tempo de leitura":"5 minutos"},"schema":{"@context":"https:\/\/schema.org","@graph":[{"@type":"Article","@id":"https:\/\/revistaregional.com.br\/site\/2018\/03\/08\/publicitarios-atestam-forca-da-marca-regional\/#article","isPartOf":{"@id":"https:\/\/revistaregional.com.br\/site\/2018\/03\/08\/publicitarios-atestam-forca-da-marca-regional\/"},"author":{"name":"contato@revistaregional.com.br","@id":"https:\/\/revistaregional.com.br\/site\/#\/schema\/person\/382af97c580dc1b18f55107bc316010d"},"headline":"Publicit\u00e1rios atestam a for\u00e7a da marca REGIONAL","datePublished":"2018-03-08T17:02:04+00:00","dateModified":"2024-01-26T13:12:27+00:00","mainEntityOfPage":{"@id":"https:\/\/revistaregional.com.br\/site\/2018\/03\/08\/publicitarios-atestam-forca-da-marca-regional\/"},"wordCount":1105,"commentCount":0,"image":{"@id":"https:\/\/revistaregional.com.br\/site\/2018\/03\/08\/publicitarios-atestam-forca-da-marca-regional\/#primaryimage"},"thumbnailUrl":"https:\/\/revistaregional.com.br\/site\/wp-content\/uploads\/2018\/03\/FOTO-DESTAQUE.jpg","keywords":["Regionais"],"articleSection":["Regionais"],"inLanguage":"pt-BR","potentialAction":[{"@type":"CommentAction","name":"Comment","target":["https:\/\/revistaregional.com.br\/site\/2018\/03\/08\/publicitarios-atestam-forca-da-marca-regional\/#respond"]}]},{"@type":"WebPage","@id":"https:\/\/revistaregional.com.br\/site\/2018\/03\/08\/publicitarios-atestam-forca-da-marca-regional\/","url":"https:\/\/revistaregional.com.br\/site\/2018\/03\/08\/publicitarios-atestam-forca-da-marca-regional\/","name":"Publicit\u00e1rios atestam a for\u00e7a da marca REGIONAL - Revista Regional","isPartOf":{"@id":"https:\/\/revistaregional.com.br\/site\/#website"},"primaryImageOfPage":{"@id":"https:\/\/revistaregional.com.br\/site\/2018\/03\/08\/publicitarios-atestam-forca-da-marca-regional\/#primaryimage"},"image":{"@id":"https:\/\/revistaregional.com.br\/site\/2018\/03\/08\/publicitarios-atestam-forca-da-marca-regional\/#primaryimage"},"thumbnailUrl":"https:\/\/revistaregional.com.br\/site\/wp-content\/uploads\/2018\/03\/FOTO-DESTAQUE.jpg","datePublished":"2018-03-08T17:02:04+00:00","dateModified":"2024-01-26T13:12:27+00:00","author":{"@id":"https:\/\/revistaregional.com.br\/site\/#\/schema\/person\/382af97c580dc1b18f55107bc316010d"},"breadcrumb":{"@id":"https:\/\/revistaregional.com.br\/site\/2018\/03\/08\/publicitarios-atestam-forca-da-marca-regional\/#breadcrumb"},"inLanguage":"pt-BR","potentialAction":[{"@type":"ReadAction","target":["https:\/\/revistaregional.com.br\/site\/2018\/03\/08\/publicitarios-atestam-forca-da-marca-regional\/"]}]},{"@type":"ImageObject","inLanguage":"pt-BR","@id":"https:\/\/revistaregional.com.br\/site\/2018\/03\/08\/publicitarios-atestam-forca-da-marca-regional\/#primaryimage","url":"https:\/\/revistaregional.com.br\/site\/wp-content\/uploads\/2018\/03\/FOTO-DESTAQUE.jpg","contentUrl":"https:\/\/revistaregional.com.br\/site\/wp-content\/uploads\/2018\/03\/FOTO-DESTAQUE.jpg","width":1688,"height":1125,"caption":"stack of open colorful magazines. information"},{"@type":"BreadcrumbList","@id":"https:\/\/revistaregional.com.br\/site\/2018\/03\/08\/publicitarios-atestam-forca-da-marca-regional\/#breadcrumb","itemListElement":[{"@type":"ListItem","position":1,"name":"In\u00edcio","item":"https:\/\/revistaregional.com.br\/site\/"},{"@type":"ListItem","position":2,"name":"Publicit\u00e1rios atestam a for\u00e7a da marca REGIONAL"}]},{"@type":"WebSite","@id":"https:\/\/revistaregional.com.br\/site\/#website","url":"https:\/\/revistaregional.com.br\/site\/","name":"Revista Regional","description":"Salto - Itu - Indaituba","potentialAction":[{"@type":"SearchAction","target":{"@type":"EntryPoint","urlTemplate":"https:\/\/revistaregional.com.br\/site\/?s={search_term_string}"},"query-input":{"@type":"PropertyValueSpecification","valueRequired":true,"valueName":"search_term_string"}}],"inLanguage":"pt-BR"},{"@type":"Person","@id":"https:\/\/revistaregional.com.br\/site\/#\/schema\/person\/382af97c580dc1b18f55107bc316010d","name":"contato@revistaregional.com.br","image":{"@type":"ImageObject","inLanguage":"pt-BR","@id":"https:\/\/secure.gravatar.com\/avatar\/869822917e96b2e292d5827e4635855396934485e7c4a0af84e9a214e32ca0cd?s=96&d=mm&r=g","url":"https:\/\/secure.gravatar.com\/avatar\/869822917e96b2e292d5827e4635855396934485e7c4a0af84e9a214e32ca0cd?s=96&d=mm&r=g","contentUrl":"https:\/\/secure.gravatar.com\/avatar\/869822917e96b2e292d5827e4635855396934485e7c4a0af84e9a214e32ca0cd?s=96&d=mm&r=g","caption":"contato@revistaregional.com.br"},"url":"https:\/\/revistaregional.com.br\/site\/author\/contato@revistaregional.com.br\/"}]}},"views":53,"_links":{"self":[{"href":"https:\/\/revistaregional.com.br\/site\/wp-json\/wp\/v2\/posts\/14269","targetHints":{"allow":["GET"]}}],"collection":[{"href":"https:\/\/revistaregional.com.br\/site\/wp-json\/wp\/v2\/posts"}],"about":[{"href":"https:\/\/revistaregional.com.br\/site\/wp-json\/wp\/v2\/types\/post"}],"author":[{"embeddable":true,"href":"https:\/\/revistaregional.com.br\/site\/wp-json\/wp\/v2\/users\/1"}],"replies":[{"embeddable":true,"href":"https:\/\/revistaregional.com.br\/site\/wp-json\/wp\/v2\/comments?post=14269"}],"version-history":[{"count":3,"href":"https:\/\/revistaregional.com.br\/site\/wp-json\/wp\/v2\/posts\/14269\/revisions"}],"predecessor-version":[{"id":14282,"href":"https:\/\/revistaregional.com.br\/site\/wp-json\/wp\/v2\/posts\/14269\/revisions\/14282"}],"wp:featuredmedia":[{"embeddable":true,"href":"https:\/\/revistaregional.com.br\/site\/wp-json\/wp\/v2\/media\/14281"}],"wp:attachment":[{"href":"https:\/\/revistaregional.com.br\/site\/wp-json\/wp\/v2\/media?parent=14269"}],"wp:term":[{"taxonomy":"category","embeddable":true,"href":"https:\/\/revistaregional.com.br\/site\/wp-json\/wp\/v2\/categories?post=14269"},{"taxonomy":"post_tag","embeddable":true,"href":"https:\/\/revistaregional.com.br\/site\/wp-json\/wp\/v2\/tags?post=14269"}],"curies":[{"name":"wp","href":"https:\/\/api.w.org\/{rel}","templated":true}]}}