{"id":13949,"date":"2018-02-09T12:29:38","date_gmt":"2018-02-09T12:29:38","guid":{"rendered":"http:\/\/revistaregional.com.br\/site\/?p=13949"},"modified":"2024-01-26T10:12:30","modified_gmt":"2024-01-26T13:12:30","slug":"itu-tera-plantao-de-vacinacao-no-carnaval","status":"publish","type":"post","link":"https:\/\/revistaregional.com.br\/site\/2018\/02\/09\/itu-tera-plantao-de-vacinacao-no-carnaval\/","title":{"rendered":"Itu ter\u00e1 plant\u00e3o de vacina\u00e7\u00e3o no Carnaval"},"content":{"rendered":"<figure id=\"attachment_13950\" aria-describedby=\"caption-attachment-13950\" style=\"width: 392px\" class=\"wp-caption alignright\"><a href=\"http:\/\/revistaregional.com.br\/site\/wp-content\/uploads\/2018\/02\/febre-amarela-800x449.jpg\"><img fetchpriority=\"high\" decoding=\"async\" class=\"wp-image-13950\" src=\"http:\/\/revistaregional.com.br\/site\/wp-content\/uploads\/2018\/02\/febre-amarela-800x449.jpg\" alt=\"\" width=\"392\" height=\"220\" data-id=\"13950\" srcset=\"https:\/\/revistaregional.com.br\/site\/wp-content\/uploads\/2018\/02\/febre-amarela-800x449.jpg 800w, https:\/\/revistaregional.com.br\/site\/wp-content\/uploads\/2018\/02\/febre-amarela-800x449-300x168.jpg 300w, https:\/\/revistaregional.com.br\/site\/wp-content\/uploads\/2018\/02\/febre-amarela-800x449-250x140.jpg 250w, https:\/\/revistaregional.com.br\/site\/wp-content\/uploads\/2018\/02\/febre-amarela-800x449-150x84.jpg 150w\" sizes=\"(max-width: 392px) 100vw, 392px\" \/><\/a><figcaption id=\"caption-attachment-13950\" class=\"wp-caption-text\">Vacina contra febre amarela poder\u00e1 ser recebida durante o Carnaval<\/figcaption><\/figure>\n<p>&nbsp;Dois casos de&nbsp;febre&nbsp;amarela foram oficialmente confirmados em Itu nesta sexta-feira, dia&nbsp;09. Em um deles, o paciente \u00e9 um engenheiro agrimensor que frequentou regi\u00f5es de risco, onde contraiu o v\u00edrus. O engenheiro foi tratado e j\u00e1 obteve alta. O segundo caso foi o de um rapaz de 26 anos, que morreu no \u00faltimo dia 11. O jovem estava internado na cidade de Indaiatuba e o local do cont\u00e1gio pelo v\u00edrus j\u00e1 est\u00e1 sendo investigado pela Secretaria Municipal de Sa\u00fade de Itu, junto aos seus familiares.<\/p>\n<p>&nbsp;&nbsp;&nbsp;&nbsp;&nbsp;&nbsp;&nbsp;&nbsp;&nbsp;&nbsp;&nbsp; At\u00e9 o momento n\u00e3o h\u00e1 confirma\u00e7\u00e3o de que o v\u00edrus j\u00e1 esteja circulando na cidade, mesmo assim a Prefeitura refor\u00e7a o apelo para que os cidad\u00e3os compare\u00e7am \u00e0s unidades de sa\u00fade para se vacinar. At\u00e9 o momento, somente 10% da popula\u00e7\u00e3o foi imunizada.<\/p>\n<p><strong>Plant\u00e3o no Carnaval<\/strong><\/p>\n<p>&nbsp;&nbsp;&nbsp;&nbsp;&nbsp;&nbsp;&nbsp;&nbsp;&nbsp;&nbsp;&nbsp; Durante o carnaval, nos dias 10, 11, 12 e 13 de fevereiro, a Secretaria Municipal de Sa\u00fade realiza plant\u00e3o de vacina\u00e7\u00e3o nos Pronto Atendimentos Municipais (PAMs), localizados no Parque Industrial e da Vila Martins, das 7h \u00e0s 19h.<\/p>\n<p>&nbsp;&nbsp;&nbsp;&nbsp;&nbsp;&nbsp;&nbsp;&nbsp;&nbsp;&nbsp;&nbsp; Ap\u00f3s o carnaval, continua o esquema de vacina\u00e7\u00e3o iniciado no \u00faltimo dia 8 de fevereiro: de segunda a sexta-feira, nas 15 Unidades B\u00e1sicas de Sa\u00fade (UBS), das 7h \u00e0s 17h; no Ambulat\u00f3rio de Especialidades M\u00e9dicas (AEM I), no Ambulat\u00f3rio de Especialidades M\u00e9dicas (AEM II), no Ambulat\u00f3rio de Mol\u00e9stias Infecciosas (AMI), no Centro de Refer\u00eancia da Mulher (CRM) e no Centro de Atendimento ao Idoso Municipal Especializado (Caime), das 8h \u00e0s 12h; nos Pronto Atendimento Municipais (PAM), situados no Parque Industrial e na Vila Martins, das 7h \u00e0s 22h; e no Centro de Vigil\u00e2ncia em Sa\u00fade (CVS), a partir das 8h. Este \u00faltimo, localizado na Rua Aristides de Assump\u00e7\u00e3o Menab\u00f3, 75, atender\u00e1 somente quem viajar\u00e1 para o exterior mediante apresenta\u00e7\u00e3o de passagem a\u00e9rea.<\/p>\n<p><strong>Orienta\u00e7\u00f5es<\/strong><\/p>\n<p>&nbsp;&nbsp;&nbsp;&nbsp;&nbsp;&nbsp;&nbsp;&nbsp;&nbsp;&nbsp;&nbsp; A vacina\u00e7\u00e3o oferecida no munic\u00edpio \u00e9 a dose fracionada para a maioria da popula\u00e7\u00e3o, sendo dose completa somente para crian\u00e7as de 9 meses a 2 anos e para pessoas que viajar\u00e3o para o exterior. No caso de idosos n\u00e3o h\u00e1 mais necessidade de carta de recomenda\u00e7\u00e3o m\u00e9dica. Para se vacinar \u00e9 importante levar a Caderneta de Vacina\u00e7\u00e3o. O efeito protetor da vacina se inicia dez dias ap\u00f3s a vacina\u00e7\u00e3o e \u00e9 importante o uso de repelente para se proteger de picadas de mosquitos.<\/p>\n<p>&nbsp;&nbsp;&nbsp;&nbsp;&nbsp;&nbsp;&nbsp;&nbsp;&nbsp;&nbsp;&nbsp; Confira quem n\u00e3o pode tomar vacina ou tem restri\u00e7\u00f5es que precisam ser avaliadas: crian\u00e7as menores de 9 meses, gestantes, mulheres amamentando crian\u00e7as menores de 6 meses, pessoas com c\u00e2ncer em uso de quimioterapia e ou radioterapia, transplantados de \u00f3rg\u00e3os s\u00f3lidos e ou medula \u00f3ssea, uso de cortic\u00f3ide com dose imunossupressora, portador de HIV ou qualquer doen\u00e7a imunossupressora, medicamentos imunossupressores, mistenia gravis, doen\u00e7as do Timo, l\u00fapus, doen\u00e7a de Addison, Artrite reumat\u00f3ide, alergia grave ao ovo e derivados de galinha.<\/p>\n<p>Endere\u00e7os do plant\u00e3o:<\/p>\n<p class=\"x_MsoNormal\">PAM Pronto Atendimento Municipal Parque Industrial<\/p>\n<p class=\"x_MsoNormal\">Av. Tiradentes, 980 &#8211; Parque Industrial.<\/p>\n<p class=\"x_MsoNormal\">PAM Pronto Atendimento Municipal Vila Martins<\/p>\n<p class=\"x_MsoNormal\">Rua Dr. Itagib\u00e1 Vilassa, S\/n, &#8211; Vila Martins<\/p>\n<p>foto: Divulga\u00e7\u00e3o<\/p>\n","protected":false},"excerpt":{"rendered":"<p>&nbsp;Dois casos de&nbsp;febre&nbsp;amarela foram oficialmente confirmados em Itu nesta sexta-feira, dia&nbsp;09. Em um deles, o paciente \u00e9 um engenheiro agrimensor que frequentou regi\u00f5es de risco, onde contraiu o v\u00edrus. O engenheiro foi tratado e j\u00e1 obteve alta. O segundo caso foi o de um rapaz de 26 anos, que morreu no \u00faltimo dia 11. O [&hellip;]<\/p>\n","protected":false},"author":1,"featured_media":13950,"comment_status":"open","ping_status":"open","sticky":false,"template":"","format":"standard","meta":{"_acf_changed":false,"ngg_post_thumbnail":0,"_joinchat":[],"footnotes":""},"categories":[12],"tags":[527],"class_list":["post-13949","post","type-post","status-publish","format-standard","has-post-thumbnail","hentry","category-regionais","tag-regionais"],"acf":[],"yoast_head":"<!-- This site is optimized with the Yoast SEO plugin v27.4 - https:\/\/yoast.com\/product\/yoast-seo-wordpress\/ -->\n<title>Itu ter\u00e1 plant\u00e3o de vacina\u00e7\u00e3o no Carnaval - Revista Regional<\/title>\n<meta name=\"robots\" content=\"index, follow, max-snippet:-1, max-image-preview:large, max-video-preview:-1\" \/>\n<link rel=\"canonical\" href=\"https:\/\/revistaregional.com.br\/site\/2018\/02\/09\/itu-tera-plantao-de-vacinacao-no-carnaval\/\" \/>\n<meta property=\"og:locale\" content=\"pt_BR\" \/>\n<meta property=\"og:type\" content=\"article\" \/>\n<meta property=\"og:title\" content=\"Itu ter\u00e1 plant\u00e3o de vacina\u00e7\u00e3o no Carnaval - Revista Regional\" \/>\n<meta property=\"og:description\" content=\"&nbsp;Dois casos de&nbsp;febre&nbsp;amarela foram oficialmente confirmados em Itu nesta sexta-feira, dia&nbsp;09. Em um deles, o paciente \u00e9 um engenheiro agrimensor que frequentou regi\u00f5es de risco, onde contraiu o v\u00edrus. O engenheiro foi tratado e j\u00e1 obteve alta. O segundo caso foi o de um rapaz de 26 anos, que morreu no \u00faltimo dia 11. O [&hellip;]\" \/>\n<meta property=\"og:url\" content=\"https:\/\/revistaregional.com.br\/site\/2018\/02\/09\/itu-tera-plantao-de-vacinacao-no-carnaval\/\" \/>\n<meta property=\"og:site_name\" content=\"Revista Regional\" \/>\n<meta property=\"article:published_time\" content=\"2018-02-09T12:29:38+00:00\" \/>\n<meta property=\"article:modified_time\" content=\"2024-01-26T13:12:30+00:00\" \/>\n<meta property=\"og:image\" content=\"https:\/\/revistaregional.com.br\/site\/wp-content\/uploads\/2018\/02\/febre-amarela-800x449.jpg\" \/>\n\t<meta property=\"og:image:width\" content=\"800\" \/>\n\t<meta property=\"og:image:height\" content=\"449\" \/>\n\t<meta property=\"og:image:type\" content=\"image\/jpeg\" \/>\n<meta name=\"author\" content=\"contato@revistaregional.com.br\" \/>\n<meta name=\"twitter:card\" content=\"summary_large_image\" \/>\n<meta name=\"twitter:label1\" content=\"Escrito por\" \/>\n\t<meta name=\"twitter:data1\" content=\"contato@revistaregional.com.br\" \/>\n\t<meta name=\"twitter:label2\" content=\"Est. tempo de leitura\" \/>\n\t<meta name=\"twitter:data2\" content=\"3 minutos\" \/>\n<script type=\"application\/ld+json\" class=\"yoast-schema-graph\">{\"@context\":\"https:\\\/\\\/schema.org\",\"@graph\":[{\"@type\":\"Article\",\"@id\":\"https:\\\/\\\/revistaregional.com.br\\\/site\\\/2018\\\/02\\\/09\\\/itu-tera-plantao-de-vacinacao-no-carnaval\\\/#article\",\"isPartOf\":{\"@id\":\"https:\\\/\\\/revistaregional.com.br\\\/site\\\/2018\\\/02\\\/09\\\/itu-tera-plantao-de-vacinacao-no-carnaval\\\/\"},\"author\":{\"name\":\"contato@revistaregional.com.br\",\"@id\":\"https:\\\/\\\/revistaregional.com.br\\\/site\\\/#\\\/schema\\\/person\\\/382af97c580dc1b18f55107bc316010d\"},\"headline\":\"Itu ter\u00e1 plant\u00e3o de vacina\u00e7\u00e3o no Carnaval\",\"datePublished\":\"2018-02-09T12:29:38+00:00\",\"dateModified\":\"2024-01-26T13:12:30+00:00\",\"mainEntityOfPage\":{\"@id\":\"https:\\\/\\\/revistaregional.com.br\\\/site\\\/2018\\\/02\\\/09\\\/itu-tera-plantao-de-vacinacao-no-carnaval\\\/\"},\"wordCount\":613,\"commentCount\":0,\"image\":{\"@id\":\"https:\\\/\\\/revistaregional.com.br\\\/site\\\/2018\\\/02\\\/09\\\/itu-tera-plantao-de-vacinacao-no-carnaval\\\/#primaryimage\"},\"thumbnailUrl\":\"https:\\\/\\\/revistaregional.com.br\\\/site\\\/wp-content\\\/uploads\\\/2018\\\/02\\\/febre-amarela-800x449.jpg\",\"keywords\":[\"Regionais\"],\"articleSection\":[\"Regionais\"],\"inLanguage\":\"pt-BR\",\"potentialAction\":[{\"@type\":\"CommentAction\",\"name\":\"Comment\",\"target\":[\"https:\\\/\\\/revistaregional.com.br\\\/site\\\/2018\\\/02\\\/09\\\/itu-tera-plantao-de-vacinacao-no-carnaval\\\/#respond\"]}]},{\"@type\":\"WebPage\",\"@id\":\"https:\\\/\\\/revistaregional.com.br\\\/site\\\/2018\\\/02\\\/09\\\/itu-tera-plantao-de-vacinacao-no-carnaval\\\/\",\"url\":\"https:\\\/\\\/revistaregional.com.br\\\/site\\\/2018\\\/02\\\/09\\\/itu-tera-plantao-de-vacinacao-no-carnaval\\\/\",\"name\":\"Itu ter\u00e1 plant\u00e3o de vacina\u00e7\u00e3o no Carnaval - Revista Regional\",\"isPartOf\":{\"@id\":\"https:\\\/\\\/revistaregional.com.br\\\/site\\\/#website\"},\"primaryImageOfPage\":{\"@id\":\"https:\\\/\\\/revistaregional.com.br\\\/site\\\/2018\\\/02\\\/09\\\/itu-tera-plantao-de-vacinacao-no-carnaval\\\/#primaryimage\"},\"image\":{\"@id\":\"https:\\\/\\\/revistaregional.com.br\\\/site\\\/2018\\\/02\\\/09\\\/itu-tera-plantao-de-vacinacao-no-carnaval\\\/#primaryimage\"},\"thumbnailUrl\":\"https:\\\/\\\/revistaregional.com.br\\\/site\\\/wp-content\\\/uploads\\\/2018\\\/02\\\/febre-amarela-800x449.jpg\",\"datePublished\":\"2018-02-09T12:29:38+00:00\",\"dateModified\":\"2024-01-26T13:12:30+00:00\",\"author\":{\"@id\":\"https:\\\/\\\/revistaregional.com.br\\\/site\\\/#\\\/schema\\\/person\\\/382af97c580dc1b18f55107bc316010d\"},\"breadcrumb\":{\"@id\":\"https:\\\/\\\/revistaregional.com.br\\\/site\\\/2018\\\/02\\\/09\\\/itu-tera-plantao-de-vacinacao-no-carnaval\\\/#breadcrumb\"},\"inLanguage\":\"pt-BR\",\"potentialAction\":[{\"@type\":\"ReadAction\",\"target\":[\"https:\\\/\\\/revistaregional.com.br\\\/site\\\/2018\\\/02\\\/09\\\/itu-tera-plantao-de-vacinacao-no-carnaval\\\/\"]}]},{\"@type\":\"ImageObject\",\"inLanguage\":\"pt-BR\",\"@id\":\"https:\\\/\\\/revistaregional.com.br\\\/site\\\/2018\\\/02\\\/09\\\/itu-tera-plantao-de-vacinacao-no-carnaval\\\/#primaryimage\",\"url\":\"https:\\\/\\\/revistaregional.com.br\\\/site\\\/wp-content\\\/uploads\\\/2018\\\/02\\\/febre-amarela-800x449.jpg\",\"contentUrl\":\"https:\\\/\\\/revistaregional.com.br\\\/site\\\/wp-content\\\/uploads\\\/2018\\\/02\\\/febre-amarela-800x449.jpg\",\"width\":800,\"height\":449},{\"@type\":\"BreadcrumbList\",\"@id\":\"https:\\\/\\\/revistaregional.com.br\\\/site\\\/2018\\\/02\\\/09\\\/itu-tera-plantao-de-vacinacao-no-carnaval\\\/#breadcrumb\",\"itemListElement\":[{\"@type\":\"ListItem\",\"position\":1,\"name\":\"In\u00edcio\",\"item\":\"https:\\\/\\\/revistaregional.com.br\\\/site\\\/\"},{\"@type\":\"ListItem\",\"position\":2,\"name\":\"Itu ter\u00e1 plant\u00e3o de vacina\u00e7\u00e3o no Carnaval\"}]},{\"@type\":\"WebSite\",\"@id\":\"https:\\\/\\\/revistaregional.com.br\\\/site\\\/#website\",\"url\":\"https:\\\/\\\/revistaregional.com.br\\\/site\\\/\",\"name\":\"Revista Regional\",\"description\":\"Salto - Itu - Indaituba\",\"potentialAction\":[{\"@type\":\"SearchAction\",\"target\":{\"@type\":\"EntryPoint\",\"urlTemplate\":\"https:\\\/\\\/revistaregional.com.br\\\/site\\\/?s={search_term_string}\"},\"query-input\":{\"@type\":\"PropertyValueSpecification\",\"valueRequired\":true,\"valueName\":\"search_term_string\"}}],\"inLanguage\":\"pt-BR\"},{\"@type\":\"Person\",\"@id\":\"https:\\\/\\\/revistaregional.com.br\\\/site\\\/#\\\/schema\\\/person\\\/382af97c580dc1b18f55107bc316010d\",\"name\":\"contato@revistaregional.com.br\",\"image\":{\"@type\":\"ImageObject\",\"inLanguage\":\"pt-BR\",\"@id\":\"https:\\\/\\\/secure.gravatar.com\\\/avatar\\\/869822917e96b2e292d5827e4635855396934485e7c4a0af84e9a214e32ca0cd?s=96&d=mm&r=g\",\"url\":\"https:\\\/\\\/secure.gravatar.com\\\/avatar\\\/869822917e96b2e292d5827e4635855396934485e7c4a0af84e9a214e32ca0cd?s=96&d=mm&r=g\",\"contentUrl\":\"https:\\\/\\\/secure.gravatar.com\\\/avatar\\\/869822917e96b2e292d5827e4635855396934485e7c4a0af84e9a214e32ca0cd?s=96&d=mm&r=g\",\"caption\":\"contato@revistaregional.com.br\"},\"url\":\"https:\\\/\\\/revistaregional.com.br\\\/site\\\/author\\\/contato@revistaregional.com.br\\\/\"}]}<\/script>\n<!-- \/ Yoast SEO plugin. -->","yoast_head_json":{"title":"Itu ter\u00e1 plant\u00e3o de vacina\u00e7\u00e3o no Carnaval - Revista Regional","robots":{"index":"index","follow":"follow","max-snippet":"max-snippet:-1","max-image-preview":"max-image-preview:large","max-video-preview":"max-video-preview:-1"},"canonical":"https:\/\/revistaregional.com.br\/site\/2018\/02\/09\/itu-tera-plantao-de-vacinacao-no-carnaval\/","og_locale":"pt_BR","og_type":"article","og_title":"Itu ter\u00e1 plant\u00e3o de vacina\u00e7\u00e3o no Carnaval - Revista Regional","og_description":"&nbsp;Dois casos de&nbsp;febre&nbsp;amarela foram oficialmente confirmados em Itu nesta sexta-feira, dia&nbsp;09. Em um deles, o paciente \u00e9 um engenheiro agrimensor que frequentou regi\u00f5es de risco, onde contraiu o v\u00edrus. O engenheiro foi tratado e j\u00e1 obteve alta. O segundo caso foi o de um rapaz de 26 anos, que morreu no \u00faltimo dia 11. O [&hellip;]","og_url":"https:\/\/revistaregional.com.br\/site\/2018\/02\/09\/itu-tera-plantao-de-vacinacao-no-carnaval\/","og_site_name":"Revista Regional","article_published_time":"2018-02-09T12:29:38+00:00","article_modified_time":"2024-01-26T13:12:30+00:00","og_image":[{"width":800,"height":449,"url":"https:\/\/revistaregional.com.br\/site\/wp-content\/uploads\/2018\/02\/febre-amarela-800x449.jpg","type":"image\/jpeg"}],"author":"contato@revistaregional.com.br","twitter_card":"summary_large_image","twitter_misc":{"Escrito por":"contato@revistaregional.com.br","Est. tempo de leitura":"3 minutos"},"schema":{"@context":"https:\/\/schema.org","@graph":[{"@type":"Article","@id":"https:\/\/revistaregional.com.br\/site\/2018\/02\/09\/itu-tera-plantao-de-vacinacao-no-carnaval\/#article","isPartOf":{"@id":"https:\/\/revistaregional.com.br\/site\/2018\/02\/09\/itu-tera-plantao-de-vacinacao-no-carnaval\/"},"author":{"name":"contato@revistaregional.com.br","@id":"https:\/\/revistaregional.com.br\/site\/#\/schema\/person\/382af97c580dc1b18f55107bc316010d"},"headline":"Itu ter\u00e1 plant\u00e3o de vacina\u00e7\u00e3o no Carnaval","datePublished":"2018-02-09T12:29:38+00:00","dateModified":"2024-01-26T13:12:30+00:00","mainEntityOfPage":{"@id":"https:\/\/revistaregional.com.br\/site\/2018\/02\/09\/itu-tera-plantao-de-vacinacao-no-carnaval\/"},"wordCount":613,"commentCount":0,"image":{"@id":"https:\/\/revistaregional.com.br\/site\/2018\/02\/09\/itu-tera-plantao-de-vacinacao-no-carnaval\/#primaryimage"},"thumbnailUrl":"https:\/\/revistaregional.com.br\/site\/wp-content\/uploads\/2018\/02\/febre-amarela-800x449.jpg","keywords":["Regionais"],"articleSection":["Regionais"],"inLanguage":"pt-BR","potentialAction":[{"@type":"CommentAction","name":"Comment","target":["https:\/\/revistaregional.com.br\/site\/2018\/02\/09\/itu-tera-plantao-de-vacinacao-no-carnaval\/#respond"]}]},{"@type":"WebPage","@id":"https:\/\/revistaregional.com.br\/site\/2018\/02\/09\/itu-tera-plantao-de-vacinacao-no-carnaval\/","url":"https:\/\/revistaregional.com.br\/site\/2018\/02\/09\/itu-tera-plantao-de-vacinacao-no-carnaval\/","name":"Itu ter\u00e1 plant\u00e3o de vacina\u00e7\u00e3o no Carnaval - Revista Regional","isPartOf":{"@id":"https:\/\/revistaregional.com.br\/site\/#website"},"primaryImageOfPage":{"@id":"https:\/\/revistaregional.com.br\/site\/2018\/02\/09\/itu-tera-plantao-de-vacinacao-no-carnaval\/#primaryimage"},"image":{"@id":"https:\/\/revistaregional.com.br\/site\/2018\/02\/09\/itu-tera-plantao-de-vacinacao-no-carnaval\/#primaryimage"},"thumbnailUrl":"https:\/\/revistaregional.com.br\/site\/wp-content\/uploads\/2018\/02\/febre-amarela-800x449.jpg","datePublished":"2018-02-09T12:29:38+00:00","dateModified":"2024-01-26T13:12:30+00:00","author":{"@id":"https:\/\/revistaregional.com.br\/site\/#\/schema\/person\/382af97c580dc1b18f55107bc316010d"},"breadcrumb":{"@id":"https:\/\/revistaregional.com.br\/site\/2018\/02\/09\/itu-tera-plantao-de-vacinacao-no-carnaval\/#breadcrumb"},"inLanguage":"pt-BR","potentialAction":[{"@type":"ReadAction","target":["https:\/\/revistaregional.com.br\/site\/2018\/02\/09\/itu-tera-plantao-de-vacinacao-no-carnaval\/"]}]},{"@type":"ImageObject","inLanguage":"pt-BR","@id":"https:\/\/revistaregional.com.br\/site\/2018\/02\/09\/itu-tera-plantao-de-vacinacao-no-carnaval\/#primaryimage","url":"https:\/\/revistaregional.com.br\/site\/wp-content\/uploads\/2018\/02\/febre-amarela-800x449.jpg","contentUrl":"https:\/\/revistaregional.com.br\/site\/wp-content\/uploads\/2018\/02\/febre-amarela-800x449.jpg","width":800,"height":449},{"@type":"BreadcrumbList","@id":"https:\/\/revistaregional.com.br\/site\/2018\/02\/09\/itu-tera-plantao-de-vacinacao-no-carnaval\/#breadcrumb","itemListElement":[{"@type":"ListItem","position":1,"name":"In\u00edcio","item":"https:\/\/revistaregional.com.br\/site\/"},{"@type":"ListItem","position":2,"name":"Itu ter\u00e1 plant\u00e3o de vacina\u00e7\u00e3o no Carnaval"}]},{"@type":"WebSite","@id":"https:\/\/revistaregional.com.br\/site\/#website","url":"https:\/\/revistaregional.com.br\/site\/","name":"Revista Regional","description":"Salto - Itu - Indaituba","potentialAction":[{"@type":"SearchAction","target":{"@type":"EntryPoint","urlTemplate":"https:\/\/revistaregional.com.br\/site\/?s={search_term_string}"},"query-input":{"@type":"PropertyValueSpecification","valueRequired":true,"valueName":"search_term_string"}}],"inLanguage":"pt-BR"},{"@type":"Person","@id":"https:\/\/revistaregional.com.br\/site\/#\/schema\/person\/382af97c580dc1b18f55107bc316010d","name":"contato@revistaregional.com.br","image":{"@type":"ImageObject","inLanguage":"pt-BR","@id":"https:\/\/secure.gravatar.com\/avatar\/869822917e96b2e292d5827e4635855396934485e7c4a0af84e9a214e32ca0cd?s=96&d=mm&r=g","url":"https:\/\/secure.gravatar.com\/avatar\/869822917e96b2e292d5827e4635855396934485e7c4a0af84e9a214e32ca0cd?s=96&d=mm&r=g","contentUrl":"https:\/\/secure.gravatar.com\/avatar\/869822917e96b2e292d5827e4635855396934485e7c4a0af84e9a214e32ca0cd?s=96&d=mm&r=g","caption":"contato@revistaregional.com.br"},"url":"https:\/\/revistaregional.com.br\/site\/author\/contato@revistaregional.com.br\/"}]}},"views":54,"_links":{"self":[{"href":"https:\/\/revistaregional.com.br\/site\/wp-json\/wp\/v2\/posts\/13949","targetHints":{"allow":["GET"]}}],"collection":[{"href":"https:\/\/revistaregional.com.br\/site\/wp-json\/wp\/v2\/posts"}],"about":[{"href":"https:\/\/revistaregional.com.br\/site\/wp-json\/wp\/v2\/types\/post"}],"author":[{"embeddable":true,"href":"https:\/\/revistaregional.com.br\/site\/wp-json\/wp\/v2\/users\/1"}],"replies":[{"embeddable":true,"href":"https:\/\/revistaregional.com.br\/site\/wp-json\/wp\/v2\/comments?post=13949"}],"version-history":[{"count":3,"href":"https:\/\/revistaregional.com.br\/site\/wp-json\/wp\/v2\/posts\/13949\/revisions"}],"predecessor-version":[{"id":13952,"href":"https:\/\/revistaregional.com.br\/site\/wp-json\/wp\/v2\/posts\/13949\/revisions\/13952"}],"wp:featuredmedia":[{"embeddable":true,"href":"https:\/\/revistaregional.com.br\/site\/wp-json\/wp\/v2\/media\/13950"}],"wp:attachment":[{"href":"https:\/\/revistaregional.com.br\/site\/wp-json\/wp\/v2\/media?parent=13949"}],"wp:term":[{"taxonomy":"category","embeddable":true,"href":"https:\/\/revistaregional.com.br\/site\/wp-json\/wp\/v2\/categories?post=13949"},{"taxonomy":"post_tag","embeddable":true,"href":"https:\/\/revistaregional.com.br\/site\/wp-json\/wp\/v2\/tags?post=13949"}],"curies":[{"name":"wp","href":"https:\/\/api.w.org\/{rel}","templated":true}]}}