{"id":12969,"date":"2017-10-24T17:29:19","date_gmt":"2017-10-24T17:29:19","guid":{"rendered":"http:\/\/revistaregional.com.br\/site\/?p=12969"},"modified":"2024-01-26T10:12:39","modified_gmt":"2024-01-26T13:12:39","slug":"plaza-sedia-mostra-de-lucia-porto","status":"publish","type":"post","link":"https:\/\/revistaregional.com.br\/site\/2017\/10\/24\/plaza-sedia-mostra-de-lucia-porto\/","title":{"rendered":"Plaza sedia mostra de Lucia Porto"},"content":{"rendered":"<figure id=\"attachment_12970\" aria-describedby=\"caption-attachment-12970\" style=\"width: 299px\" class=\"wp-caption alignright\"><a href=\"http:\/\/revistaregional.com.br\/site\/wp-content\/uploads\/2017\/10\/imagem_release_1107464.jpg\"><img fetchpriority=\"high\" decoding=\"async\" class=\" wp-image-12970\" src=\"http:\/\/revistaregional.com.br\/site\/wp-content\/uploads\/2017\/10\/imagem_release_1107464.jpg\" alt=\"\" width=\"299\" height=\"224\" data-id=\"12970\" srcset=\"https:\/\/revistaregional.com.br\/site\/wp-content\/uploads\/2017\/10\/imagem_release_1107464.jpg 3264w, https:\/\/revistaregional.com.br\/site\/wp-content\/uploads\/2017\/10\/imagem_release_1107464-300x225.jpg 300w, https:\/\/revistaregional.com.br\/site\/wp-content\/uploads\/2017\/10\/imagem_release_1107464-1024x768.jpg 1024w, https:\/\/revistaregional.com.br\/site\/wp-content\/uploads\/2017\/10\/imagem_release_1107464-200x150.jpg 200w, https:\/\/revistaregional.com.br\/site\/wp-content\/uploads\/2017\/10\/imagem_release_1107464-150x113.jpg 150w, https:\/\/revistaregional.com.br\/site\/wp-content\/uploads\/2017\/10\/imagem_release_1107464-413x311.jpg 413w\" sizes=\"(max-width: 299px) 100vw, 299px\" \/><\/a><figcaption id=\"caption-attachment-12970\" class=\"wp-caption-text\">Pe\u00e7as expostas nos jardins do Plaza Shopping Itu<\/figcaption><\/figure>\n<p>At\u00e9 o dia 7 de novembro , o Plaza Shopping Itu sedia uma exposi\u00e7\u00e3o nos jardins, com o t\u00edtulo \u201cSedu\u00e7\u00f5es \u2013 Dep\u00f3sito cultural no jardins do Plaza Shopping Itu\u201d, as obras e a composi\u00e7\u00e3o das cenas s\u00e3o assinadas pela artista pl\u00e1stica experimental Lucia Porto. Utilizando refer\u00eancias liter\u00e1rias, filos\u00f3ficas, cient\u00edficas e fragmentos do cotidiano urbano, \u201cas obras s\u00e3o objetos \u00fanicos e intrigantes\u201d, segundo a artista e resultam da jun\u00e7\u00e3o de materiais nobres e materiais que seriam descartados. A mostra tem visita\u00e7\u00e3o gratuita, das 10h \u00e0s 22h.<\/p>\n<p>Lucia Porto j\u00e1 exp\u00f4s seu trabalho em acervos e museus renomados como Museu de Arte Moderna de S\u00e3o Paulo (MAM), acervo do Governo do Estado de S\u00e3o Paulo, Jardins das Esculturas e acervo da Assembleia Legislativa de S\u00e3o Paulo e acervo Y\u00e1zigi.<\/p>\n<p>Com seu trabalho, a proposta da artista \u00e9 desvendar o universo criativo e imaginativo que um objeto traz em sua ess\u00eancia. Suas obras expressam a constru\u00e7\u00e3o de um novo modelo de comunica\u00e7\u00e3o em torno de novas ideias no mundo das artes contempor\u00e2neas, construindo cultura, arte e sustentabilidade.<\/p>\n<p>A artista pl\u00e1stica sempre se utiliza de material s\u00f3lido, subst\u00e2ncias, objetos bons ou descartados dentro do circuito urbano. Com isso, ela cria uma nova configura\u00e7\u00e3o a essa sele\u00e7\u00e3o, usando criatividade e muita imagina\u00e7\u00e3o gera uma qualidade melhor para o meio ambiente, al\u00e9m de uma met\u00e1fora dentro do universo criativo. O trabalho da artista est\u00e1 exposto tamb\u00e9m em um espa\u00e7o na frente do jardim, entre as lojas Polo Play e Carmen Steffens.<\/p>\n<p>MAIS: Acompanhe o mundo Plaza Shopping Itu nas redes sociais e conhe\u00e7a as novidades, promo\u00e7\u00f5es, agenda cultural e tudo o que o shopping tem a oferecer:<\/p>\n<p>http:\/\/www.facebook.com\/plazashoppingitu<\/p>\n<p><a class=\"twitter-timeline\" data-width=\"800\" data-height=\"1000\" data-dnt=\"true\" href=\"https:\/\/twitter.com\/PlazaShopping?ref_src=twsrc%5Etfw\">Tweets by PlazaShopping<\/a><script async src=\"https:\/\/platform.twitter.com\/widgets.js\" charset=\"utf-8\"><\/script><\/p>\n<p><em>foto: Divulga\u00e7\u00e3o<\/em><\/p>\n","protected":false},"excerpt":{"rendered":"<p>At\u00e9 o dia 7 de novembro , o Plaza Shopping Itu sedia uma exposi\u00e7\u00e3o nos jardins, com o t\u00edtulo \u201cSedu\u00e7\u00f5es \u2013 Dep\u00f3sito cultural no jardins do Plaza Shopping Itu\u201d, as obras e a composi\u00e7\u00e3o das cenas s\u00e3o assinadas pela artista pl\u00e1stica experimental Lucia Porto. Utilizando refer\u00eancias liter\u00e1rias, filos\u00f3ficas, cient\u00edficas e fragmentos do cotidiano urbano, \u201cas [&hellip;]<\/p>\n","protected":false},"author":1,"featured_media":12970,"comment_status":"open","ping_status":"open","sticky":false,"template":"","format":"standard","meta":{"_acf_changed":false,"ngg_post_thumbnail":0,"_joinchat":[],"footnotes":""},"categories":[12],"tags":[527],"class_list":["post-12969","post","type-post","status-publish","format-standard","has-post-thumbnail","hentry","category-regionais","tag-regionais"],"acf":[],"yoast_head":"<!-- This site is optimized with the Yoast SEO plugin v27.4 - https:\/\/yoast.com\/product\/yoast-seo-wordpress\/ -->\n<title>Plaza sedia mostra de Lucia Porto - Revista Regional<\/title>\n<meta name=\"robots\" content=\"index, follow, max-snippet:-1, max-image-preview:large, max-video-preview:-1\" \/>\n<link rel=\"canonical\" href=\"https:\/\/revistaregional.com.br\/site\/2017\/10\/24\/plaza-sedia-mostra-de-lucia-porto\/\" \/>\n<meta property=\"og:locale\" content=\"pt_BR\" \/>\n<meta property=\"og:type\" content=\"article\" \/>\n<meta property=\"og:title\" content=\"Plaza sedia mostra de Lucia Porto - Revista Regional\" \/>\n<meta property=\"og:description\" content=\"At\u00e9 o dia 7 de novembro , o Plaza Shopping Itu sedia uma exposi\u00e7\u00e3o nos jardins, com o t\u00edtulo \u201cSedu\u00e7\u00f5es \u2013 Dep\u00f3sito cultural no jardins do Plaza Shopping Itu\u201d, as obras e a composi\u00e7\u00e3o das cenas s\u00e3o assinadas pela artista pl\u00e1stica experimental Lucia Porto. Utilizando refer\u00eancias liter\u00e1rias, filos\u00f3ficas, cient\u00edficas e fragmentos do cotidiano urbano, \u201cas [&hellip;]\" \/>\n<meta property=\"og:url\" content=\"https:\/\/revistaregional.com.br\/site\/2017\/10\/24\/plaza-sedia-mostra-de-lucia-porto\/\" \/>\n<meta property=\"og:site_name\" content=\"Revista Regional\" \/>\n<meta property=\"article:published_time\" content=\"2017-10-24T17:29:19+00:00\" \/>\n<meta property=\"article:modified_time\" content=\"2024-01-26T13:12:39+00:00\" \/>\n<meta property=\"og:image\" content=\"https:\/\/revistaregional.com.br\/site\/wp-content\/uploads\/2017\/10\/imagem_release_1107464.jpg\" \/>\n\t<meta property=\"og:image:width\" content=\"3264\" \/>\n\t<meta property=\"og:image:height\" content=\"2448\" \/>\n\t<meta property=\"og:image:type\" content=\"image\/jpeg\" \/>\n<meta name=\"author\" content=\"contato@revistaregional.com.br\" \/>\n<meta name=\"twitter:card\" content=\"summary_large_image\" \/>\n<meta name=\"twitter:label1\" content=\"Escrito por\" \/>\n\t<meta name=\"twitter:data1\" content=\"contato@revistaregional.com.br\" \/>\n\t<meta name=\"twitter:label2\" content=\"Est. tempo de leitura\" \/>\n\t<meta name=\"twitter:data2\" content=\"2 minutos\" \/>\n<script type=\"application\/ld+json\" class=\"yoast-schema-graph\">{\"@context\":\"https:\\\/\\\/schema.org\",\"@graph\":[{\"@type\":\"Article\",\"@id\":\"https:\\\/\\\/revistaregional.com.br\\\/site\\\/2017\\\/10\\\/24\\\/plaza-sedia-mostra-de-lucia-porto\\\/#article\",\"isPartOf\":{\"@id\":\"https:\\\/\\\/revistaregional.com.br\\\/site\\\/2017\\\/10\\\/24\\\/plaza-sedia-mostra-de-lucia-porto\\\/\"},\"author\":{\"name\":\"contato@revistaregional.com.br\",\"@id\":\"https:\\\/\\\/revistaregional.com.br\\\/site\\\/#\\\/schema\\\/person\\\/382af97c580dc1b18f55107bc316010d\"},\"headline\":\"Plaza sedia mostra de Lucia Porto\",\"datePublished\":\"2017-10-24T17:29:19+00:00\",\"dateModified\":\"2024-01-26T13:12:39+00:00\",\"mainEntityOfPage\":{\"@id\":\"https:\\\/\\\/revistaregional.com.br\\\/site\\\/2017\\\/10\\\/24\\\/plaza-sedia-mostra-de-lucia-porto\\\/\"},\"wordCount\":337,\"commentCount\":0,\"image\":{\"@id\":\"https:\\\/\\\/revistaregional.com.br\\\/site\\\/2017\\\/10\\\/24\\\/plaza-sedia-mostra-de-lucia-porto\\\/#primaryimage\"},\"thumbnailUrl\":\"https:\\\/\\\/revistaregional.com.br\\\/site\\\/wp-content\\\/uploads\\\/2017\\\/10\\\/imagem_release_1107464.jpg\",\"keywords\":[\"Regionais\"],\"articleSection\":[\"Regionais\"],\"inLanguage\":\"pt-BR\",\"potentialAction\":[{\"@type\":\"CommentAction\",\"name\":\"Comment\",\"target\":[\"https:\\\/\\\/revistaregional.com.br\\\/site\\\/2017\\\/10\\\/24\\\/plaza-sedia-mostra-de-lucia-porto\\\/#respond\"]}]},{\"@type\":\"WebPage\",\"@id\":\"https:\\\/\\\/revistaregional.com.br\\\/site\\\/2017\\\/10\\\/24\\\/plaza-sedia-mostra-de-lucia-porto\\\/\",\"url\":\"https:\\\/\\\/revistaregional.com.br\\\/site\\\/2017\\\/10\\\/24\\\/plaza-sedia-mostra-de-lucia-porto\\\/\",\"name\":\"Plaza sedia mostra de Lucia Porto - Revista Regional\",\"isPartOf\":{\"@id\":\"https:\\\/\\\/revistaregional.com.br\\\/site\\\/#website\"},\"primaryImageOfPage\":{\"@id\":\"https:\\\/\\\/revistaregional.com.br\\\/site\\\/2017\\\/10\\\/24\\\/plaza-sedia-mostra-de-lucia-porto\\\/#primaryimage\"},\"image\":{\"@id\":\"https:\\\/\\\/revistaregional.com.br\\\/site\\\/2017\\\/10\\\/24\\\/plaza-sedia-mostra-de-lucia-porto\\\/#primaryimage\"},\"thumbnailUrl\":\"https:\\\/\\\/revistaregional.com.br\\\/site\\\/wp-content\\\/uploads\\\/2017\\\/10\\\/imagem_release_1107464.jpg\",\"datePublished\":\"2017-10-24T17:29:19+00:00\",\"dateModified\":\"2024-01-26T13:12:39+00:00\",\"author\":{\"@id\":\"https:\\\/\\\/revistaregional.com.br\\\/site\\\/#\\\/schema\\\/person\\\/382af97c580dc1b18f55107bc316010d\"},\"breadcrumb\":{\"@id\":\"https:\\\/\\\/revistaregional.com.br\\\/site\\\/2017\\\/10\\\/24\\\/plaza-sedia-mostra-de-lucia-porto\\\/#breadcrumb\"},\"inLanguage\":\"pt-BR\",\"potentialAction\":[{\"@type\":\"ReadAction\",\"target\":[\"https:\\\/\\\/revistaregional.com.br\\\/site\\\/2017\\\/10\\\/24\\\/plaza-sedia-mostra-de-lucia-porto\\\/\"]}]},{\"@type\":\"ImageObject\",\"inLanguage\":\"pt-BR\",\"@id\":\"https:\\\/\\\/revistaregional.com.br\\\/site\\\/2017\\\/10\\\/24\\\/plaza-sedia-mostra-de-lucia-porto\\\/#primaryimage\",\"url\":\"https:\\\/\\\/revistaregional.com.br\\\/site\\\/wp-content\\\/uploads\\\/2017\\\/10\\\/imagem_release_1107464.jpg\",\"contentUrl\":\"https:\\\/\\\/revistaregional.com.br\\\/site\\\/wp-content\\\/uploads\\\/2017\\\/10\\\/imagem_release_1107464.jpg\",\"width\":3264,\"height\":2448,\"caption\":\"Pe\u00e7as expostas nos jardins do Plaza Shopping Itu\"},{\"@type\":\"BreadcrumbList\",\"@id\":\"https:\\\/\\\/revistaregional.com.br\\\/site\\\/2017\\\/10\\\/24\\\/plaza-sedia-mostra-de-lucia-porto\\\/#breadcrumb\",\"itemListElement\":[{\"@type\":\"ListItem\",\"position\":1,\"name\":\"In\u00edcio\",\"item\":\"https:\\\/\\\/revistaregional.com.br\\\/site\\\/\"},{\"@type\":\"ListItem\",\"position\":2,\"name\":\"Plaza sedia mostra de Lucia Porto\"}]},{\"@type\":\"WebSite\",\"@id\":\"https:\\\/\\\/revistaregional.com.br\\\/site\\\/#website\",\"url\":\"https:\\\/\\\/revistaregional.com.br\\\/site\\\/\",\"name\":\"Revista Regional\",\"description\":\"Salto - Itu - Indaituba\",\"potentialAction\":[{\"@type\":\"SearchAction\",\"target\":{\"@type\":\"EntryPoint\",\"urlTemplate\":\"https:\\\/\\\/revistaregional.com.br\\\/site\\\/?s={search_term_string}\"},\"query-input\":{\"@type\":\"PropertyValueSpecification\",\"valueRequired\":true,\"valueName\":\"search_term_string\"}}],\"inLanguage\":\"pt-BR\"},{\"@type\":\"Person\",\"@id\":\"https:\\\/\\\/revistaregional.com.br\\\/site\\\/#\\\/schema\\\/person\\\/382af97c580dc1b18f55107bc316010d\",\"name\":\"contato@revistaregional.com.br\",\"image\":{\"@type\":\"ImageObject\",\"inLanguage\":\"pt-BR\",\"@id\":\"https:\\\/\\\/secure.gravatar.com\\\/avatar\\\/869822917e96b2e292d5827e4635855396934485e7c4a0af84e9a214e32ca0cd?s=96&d=mm&r=g\",\"url\":\"https:\\\/\\\/secure.gravatar.com\\\/avatar\\\/869822917e96b2e292d5827e4635855396934485e7c4a0af84e9a214e32ca0cd?s=96&d=mm&r=g\",\"contentUrl\":\"https:\\\/\\\/secure.gravatar.com\\\/avatar\\\/869822917e96b2e292d5827e4635855396934485e7c4a0af84e9a214e32ca0cd?s=96&d=mm&r=g\",\"caption\":\"contato@revistaregional.com.br\"},\"url\":\"https:\\\/\\\/revistaregional.com.br\\\/site\\\/author\\\/contato@revistaregional.com.br\\\/\"}]}<\/script>\n<!-- \/ Yoast SEO plugin. -->","yoast_head_json":{"title":"Plaza sedia mostra de Lucia Porto - Revista Regional","robots":{"index":"index","follow":"follow","max-snippet":"max-snippet:-1","max-image-preview":"max-image-preview:large","max-video-preview":"max-video-preview:-1"},"canonical":"https:\/\/revistaregional.com.br\/site\/2017\/10\/24\/plaza-sedia-mostra-de-lucia-porto\/","og_locale":"pt_BR","og_type":"article","og_title":"Plaza sedia mostra de Lucia Porto - Revista Regional","og_description":"At\u00e9 o dia 7 de novembro , o Plaza Shopping Itu sedia uma exposi\u00e7\u00e3o nos jardins, com o t\u00edtulo \u201cSedu\u00e7\u00f5es \u2013 Dep\u00f3sito cultural no jardins do Plaza Shopping Itu\u201d, as obras e a composi\u00e7\u00e3o das cenas s\u00e3o assinadas pela artista pl\u00e1stica experimental Lucia Porto. Utilizando refer\u00eancias liter\u00e1rias, filos\u00f3ficas, cient\u00edficas e fragmentos do cotidiano urbano, \u201cas [&hellip;]","og_url":"https:\/\/revistaregional.com.br\/site\/2017\/10\/24\/plaza-sedia-mostra-de-lucia-porto\/","og_site_name":"Revista Regional","article_published_time":"2017-10-24T17:29:19+00:00","article_modified_time":"2024-01-26T13:12:39+00:00","og_image":[{"width":3264,"height":2448,"url":"https:\/\/revistaregional.com.br\/site\/wp-content\/uploads\/2017\/10\/imagem_release_1107464.jpg","type":"image\/jpeg"}],"author":"contato@revistaregional.com.br","twitter_card":"summary_large_image","twitter_misc":{"Escrito por":"contato@revistaregional.com.br","Est. tempo de leitura":"2 minutos"},"schema":{"@context":"https:\/\/schema.org","@graph":[{"@type":"Article","@id":"https:\/\/revistaregional.com.br\/site\/2017\/10\/24\/plaza-sedia-mostra-de-lucia-porto\/#article","isPartOf":{"@id":"https:\/\/revistaregional.com.br\/site\/2017\/10\/24\/plaza-sedia-mostra-de-lucia-porto\/"},"author":{"name":"contato@revistaregional.com.br","@id":"https:\/\/revistaregional.com.br\/site\/#\/schema\/person\/382af97c580dc1b18f55107bc316010d"},"headline":"Plaza sedia mostra de Lucia Porto","datePublished":"2017-10-24T17:29:19+00:00","dateModified":"2024-01-26T13:12:39+00:00","mainEntityOfPage":{"@id":"https:\/\/revistaregional.com.br\/site\/2017\/10\/24\/plaza-sedia-mostra-de-lucia-porto\/"},"wordCount":337,"commentCount":0,"image":{"@id":"https:\/\/revistaregional.com.br\/site\/2017\/10\/24\/plaza-sedia-mostra-de-lucia-porto\/#primaryimage"},"thumbnailUrl":"https:\/\/revistaregional.com.br\/site\/wp-content\/uploads\/2017\/10\/imagem_release_1107464.jpg","keywords":["Regionais"],"articleSection":["Regionais"],"inLanguage":"pt-BR","potentialAction":[{"@type":"CommentAction","name":"Comment","target":["https:\/\/revistaregional.com.br\/site\/2017\/10\/24\/plaza-sedia-mostra-de-lucia-porto\/#respond"]}]},{"@type":"WebPage","@id":"https:\/\/revistaregional.com.br\/site\/2017\/10\/24\/plaza-sedia-mostra-de-lucia-porto\/","url":"https:\/\/revistaregional.com.br\/site\/2017\/10\/24\/plaza-sedia-mostra-de-lucia-porto\/","name":"Plaza sedia mostra de Lucia Porto - Revista Regional","isPartOf":{"@id":"https:\/\/revistaregional.com.br\/site\/#website"},"primaryImageOfPage":{"@id":"https:\/\/revistaregional.com.br\/site\/2017\/10\/24\/plaza-sedia-mostra-de-lucia-porto\/#primaryimage"},"image":{"@id":"https:\/\/revistaregional.com.br\/site\/2017\/10\/24\/plaza-sedia-mostra-de-lucia-porto\/#primaryimage"},"thumbnailUrl":"https:\/\/revistaregional.com.br\/site\/wp-content\/uploads\/2017\/10\/imagem_release_1107464.jpg","datePublished":"2017-10-24T17:29:19+00:00","dateModified":"2024-01-26T13:12:39+00:00","author":{"@id":"https:\/\/revistaregional.com.br\/site\/#\/schema\/person\/382af97c580dc1b18f55107bc316010d"},"breadcrumb":{"@id":"https:\/\/revistaregional.com.br\/site\/2017\/10\/24\/plaza-sedia-mostra-de-lucia-porto\/#breadcrumb"},"inLanguage":"pt-BR","potentialAction":[{"@type":"ReadAction","target":["https:\/\/revistaregional.com.br\/site\/2017\/10\/24\/plaza-sedia-mostra-de-lucia-porto\/"]}]},{"@type":"ImageObject","inLanguage":"pt-BR","@id":"https:\/\/revistaregional.com.br\/site\/2017\/10\/24\/plaza-sedia-mostra-de-lucia-porto\/#primaryimage","url":"https:\/\/revistaregional.com.br\/site\/wp-content\/uploads\/2017\/10\/imagem_release_1107464.jpg","contentUrl":"https:\/\/revistaregional.com.br\/site\/wp-content\/uploads\/2017\/10\/imagem_release_1107464.jpg","width":3264,"height":2448,"caption":"Pe\u00e7as expostas nos jardins do Plaza Shopping Itu"},{"@type":"BreadcrumbList","@id":"https:\/\/revistaregional.com.br\/site\/2017\/10\/24\/plaza-sedia-mostra-de-lucia-porto\/#breadcrumb","itemListElement":[{"@type":"ListItem","position":1,"name":"In\u00edcio","item":"https:\/\/revistaregional.com.br\/site\/"},{"@type":"ListItem","position":2,"name":"Plaza sedia mostra de Lucia Porto"}]},{"@type":"WebSite","@id":"https:\/\/revistaregional.com.br\/site\/#website","url":"https:\/\/revistaregional.com.br\/site\/","name":"Revista Regional","description":"Salto - Itu - Indaituba","potentialAction":[{"@type":"SearchAction","target":{"@type":"EntryPoint","urlTemplate":"https:\/\/revistaregional.com.br\/site\/?s={search_term_string}"},"query-input":{"@type":"PropertyValueSpecification","valueRequired":true,"valueName":"search_term_string"}}],"inLanguage":"pt-BR"},{"@type":"Person","@id":"https:\/\/revistaregional.com.br\/site\/#\/schema\/person\/382af97c580dc1b18f55107bc316010d","name":"contato@revistaregional.com.br","image":{"@type":"ImageObject","inLanguage":"pt-BR","@id":"https:\/\/secure.gravatar.com\/avatar\/869822917e96b2e292d5827e4635855396934485e7c4a0af84e9a214e32ca0cd?s=96&d=mm&r=g","url":"https:\/\/secure.gravatar.com\/avatar\/869822917e96b2e292d5827e4635855396934485e7c4a0af84e9a214e32ca0cd?s=96&d=mm&r=g","contentUrl":"https:\/\/secure.gravatar.com\/avatar\/869822917e96b2e292d5827e4635855396934485e7c4a0af84e9a214e32ca0cd?s=96&d=mm&r=g","caption":"contato@revistaregional.com.br"},"url":"https:\/\/revistaregional.com.br\/site\/author\/contato@revistaregional.com.br\/"}]}},"views":118,"_links":{"self":[{"href":"https:\/\/revistaregional.com.br\/site\/wp-json\/wp\/v2\/posts\/12969","targetHints":{"allow":["GET"]}}],"collection":[{"href":"https:\/\/revistaregional.com.br\/site\/wp-json\/wp\/v2\/posts"}],"about":[{"href":"https:\/\/revistaregional.com.br\/site\/wp-json\/wp\/v2\/types\/post"}],"author":[{"embeddable":true,"href":"https:\/\/revistaregional.com.br\/site\/wp-json\/wp\/v2\/users\/1"}],"replies":[{"embeddable":true,"href":"https:\/\/revistaregional.com.br\/site\/wp-json\/wp\/v2\/comments?post=12969"}],"version-history":[{"count":2,"href":"https:\/\/revistaregional.com.br\/site\/wp-json\/wp\/v2\/posts\/12969\/revisions"}],"predecessor-version":[{"id":12972,"href":"https:\/\/revistaregional.com.br\/site\/wp-json\/wp\/v2\/posts\/12969\/revisions\/12972"}],"wp:featuredmedia":[{"embeddable":true,"href":"https:\/\/revistaregional.com.br\/site\/wp-json\/wp\/v2\/media\/12970"}],"wp:attachment":[{"href":"https:\/\/revistaregional.com.br\/site\/wp-json\/wp\/v2\/media?parent=12969"}],"wp:term":[{"taxonomy":"category","embeddable":true,"href":"https:\/\/revistaregional.com.br\/site\/wp-json\/wp\/v2\/categories?post=12969"},{"taxonomy":"post_tag","embeddable":true,"href":"https:\/\/revistaregional.com.br\/site\/wp-json\/wp\/v2\/tags?post=12969"}],"curies":[{"name":"wp","href":"https:\/\/api.w.org\/{rel}","templated":true}]}}