{"id":1233,"date":"2011-06-01T15:08:21","date_gmt":"2011-06-01T18:08:21","guid":{"rendered":"http:\/\/revistaregional.com.br\/site\/?p=1233"},"modified":"2024-01-26T09:22:23","modified_gmt":"2024-01-26T12:22:23","slug":"a-necessaria-educacao-sexual","status":"publish","type":"post","link":"https:\/\/revistaregional.com.br\/site\/2011\/06\/01\/a-necessaria-educacao-sexual\/","title":{"rendered":"A necess\u00e1ria educa\u00e7\u00e3o sexual"},"content":{"rendered":"<p><em><\/p>\n<figure id=\"attachment_1234\" aria-describedby=\"caption-attachment-1234\" style=\"width: 384px\" class=\"wp-caption alignleft\"><a rel=\"attachment wp-att-1234\" href=\"http:\/\/revistaregional.com.br\/site\/wp-content\/uploads\/2011\/06\/site-vida-ed-sexo.jpg\"><img fetchpriority=\"high\" decoding=\"async\" class=\"size-full wp-image-1234 \" src=\"http:\/\/revistaregional.com.br\/site\/wp-content\/uploads\/2011\/06\/site-vida-ed-sexo.jpg\" alt=\"\" width=\"384\" height=\"265\" srcset=\"https:\/\/revistaregional.com.br\/site\/wp-content\/uploads\/2011\/06\/site-vida-ed-sexo.jpg 640w, https:\/\/revistaregional.com.br\/site\/wp-content\/uploads\/2011\/06\/site-vida-ed-sexo-300x207.jpg 300w\" sizes=\"(max-width: 384px) 100vw, 384px\" \/><\/a><figcaption id=\"caption-attachment-1234\" class=\"wp-caption-text\">A educa\u00e7\u00e3o sexual deve estar presente desde a primeira inf\u00e2ncia<\/figcaption><\/figure>\n<p>A sexualidade se inicia na barriga da m\u00e3e e o tema deve estar em pauta desde a inf\u00e2ncia <\/em><\/p>\n<p>A maioria das pessoas acredita que a sexualidade surge na pr\u00e9-adolesc\u00eancia, mas na verdade ela \u00e9 parte do ser humano desde sua forma\u00e7\u00e3o no \u00fatero da m\u00e3e. No entanto, \u00e9 na pr\u00e9-adolesc\u00eancia que os jovens come\u00e7am a conhecer melhor este universo e a compreend\u00ea-lo. Com o intuito de ajud\u00e1-los neste processo, h\u00e1 o exemplo de Unimeds no Interior de S\u00e3o Paulo que desenvolvem programas para auxiliar na orienta\u00e7\u00e3o destes jovens.<\/p>\n<p>Independente da metodologia adotada, a postura dos profissionais envolvidos deve ser de seriedade e respeito, e livre de preconceitos. Em geral, durante os encontros, os temas abordados s\u00e3o: desenvolvimento e as diferen\u00e7as entre o corpo feminino e masculino, a import\u00e2ncia do sexo seguro, doen\u00e7as sexualmente transmiss\u00edveis, gravidez precoce, relacionamentos e autoestima.<\/p>\n<p>Mais do que preparar os jovens para estas situa\u00e7\u00f5es corriqueiras da vida adulta, a educa\u00e7\u00e3o sexual colabora na quest\u00e3o comportamental. \u201cNossa equipe, na Unimed, pensa que este deve ser um processo reflexivo para a formula\u00e7\u00e3o de atitudes com forte componente afetivo, e que eles encontrem o equil\u00edbrio e a felicidade, usando a liberdade de forma respons\u00e1vel\u201d, detalha a psic\u00f3loga Daniela Graef.<\/p>\n<p><strong>Participa\u00e7\u00e3o dos pais<\/strong><\/p>\n<p>\u201cConstatamos que existe falta de di\u00e1logo sobre o assunto. H\u00e1 uma dificuldade em tratar do tema. Em alguns casos, isto deve ocorrer at\u00e9 pela pr\u00f3pria forma\u00e7\u00e3o que os pais tiveram\u201d, observa a psic\u00f3loga.<\/p>\n<p>Por este motivo, como ressalta Daniela: \u201cDelegar esta fun\u00e7\u00e3o para a escola ainda \u00e9 a regra\u201d. No entanto, \u00e9 importante que os pais entendam que o assunto deve ser uma constante. Como a especialista ressalta, o psicanalista Sigmund Freud, no in\u00edcio do s\u00e9culo XX, afirmou pela primeira vez a exist\u00eancia da sexualidade na inf\u00e2ncia, correlacionando-a \u00e0s fases de desenvolvimento.<\/p>\n<p>Ela refor\u00e7a que pesquisas apontam que as crian\u00e7as que crescem em um ambiente de trocas afetivas e respeitosas t\u00eam maior probabilidade de se tornarem adultos realizados sexualmente. \u201cAssim, o tema deve ser colocado de forma adequada e livre de falsos moralismos e repress\u00e3o, iniciando at\u00e9 mesmo na gesta\u00e7\u00e3o\u201d, finaliza a psic\u00f3loga da Unimed.<\/p>\n<p><strong>foto: Microfoto<\/strong><\/p>\n<p>&nbsp;<\/p>\n","protected":false},"excerpt":{"rendered":"<p>A sexualidade se inicia na barriga da m\u00e3e e o tema deve estar em pauta desde a inf\u00e2ncia A maioria das pessoas acredita que a sexualidade surge na pr\u00e9-adolesc\u00eancia, mas na verdade ela \u00e9 parte do ser humano desde sua forma\u00e7\u00e3o no \u00fatero da m\u00e3e. No entanto, \u00e9 na pr\u00e9-adolesc\u00eancia que os jovens come\u00e7am a [&hellip;]<\/p>\n","protected":false},"author":1,"featured_media":1234,"comment_status":"open","ping_status":"open","sticky":false,"template":"","format":"standard","meta":{"_acf_changed":false,"ngg_post_thumbnail":0,"_joinchat":[],"footnotes":""},"categories":[3,8],"tags":[525],"class_list":["post-1233","post","type-post","status-publish","format-standard","has-post-thumbnail","hentry","category-destaques","category-saude-e-beleza","tag-saude-e-beleza"],"acf":[],"yoast_head":"<!-- This site is optimized with the Yoast SEO plugin v27.4 - https:\/\/yoast.com\/product\/yoast-seo-wordpress\/ -->\n<title>A necess\u00e1ria educa\u00e7\u00e3o sexual - Revista Regional<\/title>\n<meta name=\"robots\" content=\"index, follow, max-snippet:-1, max-image-preview:large, max-video-preview:-1\" \/>\n<link rel=\"canonical\" href=\"https:\/\/revistaregional.com.br\/site\/2011\/06\/01\/a-necessaria-educacao-sexual\/\" \/>\n<meta property=\"og:locale\" content=\"pt_BR\" \/>\n<meta property=\"og:type\" content=\"article\" \/>\n<meta property=\"og:title\" content=\"A necess\u00e1ria educa\u00e7\u00e3o sexual - Revista Regional\" \/>\n<meta property=\"og:description\" content=\"A sexualidade se inicia na barriga da m\u00e3e e o tema deve estar em pauta desde a inf\u00e2ncia A maioria das pessoas acredita que a sexualidade surge na pr\u00e9-adolesc\u00eancia, mas na verdade ela \u00e9 parte do ser humano desde sua forma\u00e7\u00e3o no \u00fatero da m\u00e3e. No entanto, \u00e9 na pr\u00e9-adolesc\u00eancia que os jovens come\u00e7am a [&hellip;]\" \/>\n<meta property=\"og:url\" content=\"https:\/\/revistaregional.com.br\/site\/2011\/06\/01\/a-necessaria-educacao-sexual\/\" \/>\n<meta property=\"og:site_name\" content=\"Revista Regional\" \/>\n<meta property=\"article:published_time\" content=\"2011-06-01T18:08:21+00:00\" \/>\n<meta property=\"article:modified_time\" content=\"2024-01-26T12:22:23+00:00\" \/>\n<meta property=\"og:image\" content=\"https:\/\/revistaregional.com.br\/site\/wp-content\/uploads\/2011\/06\/site-vida-ed-sexo.jpg\" \/>\n\t<meta property=\"og:image:width\" content=\"640\" \/>\n\t<meta property=\"og:image:height\" content=\"442\" \/>\n\t<meta property=\"og:image:type\" content=\"image\/jpeg\" \/>\n<meta name=\"author\" content=\"contato@revistaregional.com.br\" \/>\n<meta name=\"twitter:card\" content=\"summary_large_image\" \/>\n<meta name=\"twitter:label1\" content=\"Escrito por\" \/>\n\t<meta name=\"twitter:data1\" content=\"contato@revistaregional.com.br\" \/>\n\t<meta name=\"twitter:label2\" content=\"Est. tempo de leitura\" \/>\n\t<meta name=\"twitter:data2\" content=\"2 minutos\" \/>\n<script type=\"application\/ld+json\" class=\"yoast-schema-graph\">{\"@context\":\"https:\\\/\\\/schema.org\",\"@graph\":[{\"@type\":\"Article\",\"@id\":\"https:\\\/\\\/revistaregional.com.br\\\/site\\\/2011\\\/06\\\/01\\\/a-necessaria-educacao-sexual\\\/#article\",\"isPartOf\":{\"@id\":\"https:\\\/\\\/revistaregional.com.br\\\/site\\\/2011\\\/06\\\/01\\\/a-necessaria-educacao-sexual\\\/\"},\"author\":{\"name\":\"contato@revistaregional.com.br\",\"@id\":\"https:\\\/\\\/revistaregional.com.br\\\/site\\\/#\\\/schema\\\/person\\\/382af97c580dc1b18f55107bc316010d\"},\"headline\":\"A necess\u00e1ria educa\u00e7\u00e3o sexual\",\"datePublished\":\"2011-06-01T18:08:21+00:00\",\"dateModified\":\"2024-01-26T12:22:23+00:00\",\"mainEntityOfPage\":{\"@id\":\"https:\\\/\\\/revistaregional.com.br\\\/site\\\/2011\\\/06\\\/01\\\/a-necessaria-educacao-sexual\\\/\"},\"wordCount\":414,\"commentCount\":0,\"image\":{\"@id\":\"https:\\\/\\\/revistaregional.com.br\\\/site\\\/2011\\\/06\\\/01\\\/a-necessaria-educacao-sexual\\\/#primaryimage\"},\"thumbnailUrl\":\"https:\\\/\\\/revistaregional.com.br\\\/site\\\/wp-content\\\/uploads\\\/2011\\\/06\\\/site-vida-ed-sexo.jpg\",\"keywords\":[\"Sa\u00fade e Beleza\"],\"articleSection\":[\"Destaques\",\"Sa\u00fade e Beleza\"],\"inLanguage\":\"pt-BR\",\"potentialAction\":[{\"@type\":\"CommentAction\",\"name\":\"Comment\",\"target\":[\"https:\\\/\\\/revistaregional.com.br\\\/site\\\/2011\\\/06\\\/01\\\/a-necessaria-educacao-sexual\\\/#respond\"]}]},{\"@type\":\"WebPage\",\"@id\":\"https:\\\/\\\/revistaregional.com.br\\\/site\\\/2011\\\/06\\\/01\\\/a-necessaria-educacao-sexual\\\/\",\"url\":\"https:\\\/\\\/revistaregional.com.br\\\/site\\\/2011\\\/06\\\/01\\\/a-necessaria-educacao-sexual\\\/\",\"name\":\"A necess\u00e1ria educa\u00e7\u00e3o sexual - Revista Regional\",\"isPartOf\":{\"@id\":\"https:\\\/\\\/revistaregional.com.br\\\/site\\\/#website\"},\"primaryImageOfPage\":{\"@id\":\"https:\\\/\\\/revistaregional.com.br\\\/site\\\/2011\\\/06\\\/01\\\/a-necessaria-educacao-sexual\\\/#primaryimage\"},\"image\":{\"@id\":\"https:\\\/\\\/revistaregional.com.br\\\/site\\\/2011\\\/06\\\/01\\\/a-necessaria-educacao-sexual\\\/#primaryimage\"},\"thumbnailUrl\":\"https:\\\/\\\/revistaregional.com.br\\\/site\\\/wp-content\\\/uploads\\\/2011\\\/06\\\/site-vida-ed-sexo.jpg\",\"datePublished\":\"2011-06-01T18:08:21+00:00\",\"dateModified\":\"2024-01-26T12:22:23+00:00\",\"author\":{\"@id\":\"https:\\\/\\\/revistaregional.com.br\\\/site\\\/#\\\/schema\\\/person\\\/382af97c580dc1b18f55107bc316010d\"},\"breadcrumb\":{\"@id\":\"https:\\\/\\\/revistaregional.com.br\\\/site\\\/2011\\\/06\\\/01\\\/a-necessaria-educacao-sexual\\\/#breadcrumb\"},\"inLanguage\":\"pt-BR\",\"potentialAction\":[{\"@type\":\"ReadAction\",\"target\":[\"https:\\\/\\\/revistaregional.com.br\\\/site\\\/2011\\\/06\\\/01\\\/a-necessaria-educacao-sexual\\\/\"]}]},{\"@type\":\"ImageObject\",\"inLanguage\":\"pt-BR\",\"@id\":\"https:\\\/\\\/revistaregional.com.br\\\/site\\\/2011\\\/06\\\/01\\\/a-necessaria-educacao-sexual\\\/#primaryimage\",\"url\":\"https:\\\/\\\/revistaregional.com.br\\\/site\\\/wp-content\\\/uploads\\\/2011\\\/06\\\/site-vida-ed-sexo.jpg\",\"contentUrl\":\"https:\\\/\\\/revistaregional.com.br\\\/site\\\/wp-content\\\/uploads\\\/2011\\\/06\\\/site-vida-ed-sexo.jpg\",\"width\":\"640\",\"height\":\"442\",\"caption\":\"A educa\u00e7\u00e3o sexual deve estar presente desde a primeira inf\u00e2ncia\"},{\"@type\":\"BreadcrumbList\",\"@id\":\"https:\\\/\\\/revistaregional.com.br\\\/site\\\/2011\\\/06\\\/01\\\/a-necessaria-educacao-sexual\\\/#breadcrumb\",\"itemListElement\":[{\"@type\":\"ListItem\",\"position\":1,\"name\":\"In\u00edcio\",\"item\":\"https:\\\/\\\/revistaregional.com.br\\\/site\\\/\"},{\"@type\":\"ListItem\",\"position\":2,\"name\":\"A necess\u00e1ria educa\u00e7\u00e3o sexual\"}]},{\"@type\":\"WebSite\",\"@id\":\"https:\\\/\\\/revistaregional.com.br\\\/site\\\/#website\",\"url\":\"https:\\\/\\\/revistaregional.com.br\\\/site\\\/\",\"name\":\"Revista Regional\",\"description\":\"Salto - Itu - Indaituba\",\"potentialAction\":[{\"@type\":\"SearchAction\",\"target\":{\"@type\":\"EntryPoint\",\"urlTemplate\":\"https:\\\/\\\/revistaregional.com.br\\\/site\\\/?s={search_term_string}\"},\"query-input\":{\"@type\":\"PropertyValueSpecification\",\"valueRequired\":true,\"valueName\":\"search_term_string\"}}],\"inLanguage\":\"pt-BR\"},{\"@type\":\"Person\",\"@id\":\"https:\\\/\\\/revistaregional.com.br\\\/site\\\/#\\\/schema\\\/person\\\/382af97c580dc1b18f55107bc316010d\",\"name\":\"contato@revistaregional.com.br\",\"image\":{\"@type\":\"ImageObject\",\"inLanguage\":\"pt-BR\",\"@id\":\"https:\\\/\\\/secure.gravatar.com\\\/avatar\\\/869822917e96b2e292d5827e4635855396934485e7c4a0af84e9a214e32ca0cd?s=96&d=mm&r=g\",\"url\":\"https:\\\/\\\/secure.gravatar.com\\\/avatar\\\/869822917e96b2e292d5827e4635855396934485e7c4a0af84e9a214e32ca0cd?s=96&d=mm&r=g\",\"contentUrl\":\"https:\\\/\\\/secure.gravatar.com\\\/avatar\\\/869822917e96b2e292d5827e4635855396934485e7c4a0af84e9a214e32ca0cd?s=96&d=mm&r=g\",\"caption\":\"contato@revistaregional.com.br\"},\"url\":\"https:\\\/\\\/revistaregional.com.br\\\/site\\\/author\\\/contato@revistaregional.com.br\\\/\"}]}<\/script>\n<!-- \/ Yoast SEO plugin. -->","yoast_head_json":{"title":"A necess\u00e1ria educa\u00e7\u00e3o sexual - Revista Regional","robots":{"index":"index","follow":"follow","max-snippet":"max-snippet:-1","max-image-preview":"max-image-preview:large","max-video-preview":"max-video-preview:-1"},"canonical":"https:\/\/revistaregional.com.br\/site\/2011\/06\/01\/a-necessaria-educacao-sexual\/","og_locale":"pt_BR","og_type":"article","og_title":"A necess\u00e1ria educa\u00e7\u00e3o sexual - Revista Regional","og_description":"A sexualidade se inicia na barriga da m\u00e3e e o tema deve estar em pauta desde a inf\u00e2ncia A maioria das pessoas acredita que a sexualidade surge na pr\u00e9-adolesc\u00eancia, mas na verdade ela \u00e9 parte do ser humano desde sua forma\u00e7\u00e3o no \u00fatero da m\u00e3e. No entanto, \u00e9 na pr\u00e9-adolesc\u00eancia que os jovens come\u00e7am a [&hellip;]","og_url":"https:\/\/revistaregional.com.br\/site\/2011\/06\/01\/a-necessaria-educacao-sexual\/","og_site_name":"Revista Regional","article_published_time":"2011-06-01T18:08:21+00:00","article_modified_time":"2024-01-26T12:22:23+00:00","og_image":[{"width":640,"height":442,"url":"https:\/\/revistaregional.com.br\/site\/wp-content\/uploads\/2011\/06\/site-vida-ed-sexo.jpg","type":"image\/jpeg"}],"author":"contato@revistaregional.com.br","twitter_card":"summary_large_image","twitter_misc":{"Escrito por":"contato@revistaregional.com.br","Est. tempo de leitura":"2 minutos"},"schema":{"@context":"https:\/\/schema.org","@graph":[{"@type":"Article","@id":"https:\/\/revistaregional.com.br\/site\/2011\/06\/01\/a-necessaria-educacao-sexual\/#article","isPartOf":{"@id":"https:\/\/revistaregional.com.br\/site\/2011\/06\/01\/a-necessaria-educacao-sexual\/"},"author":{"name":"contato@revistaregional.com.br","@id":"https:\/\/revistaregional.com.br\/site\/#\/schema\/person\/382af97c580dc1b18f55107bc316010d"},"headline":"A necess\u00e1ria educa\u00e7\u00e3o sexual","datePublished":"2011-06-01T18:08:21+00:00","dateModified":"2024-01-26T12:22:23+00:00","mainEntityOfPage":{"@id":"https:\/\/revistaregional.com.br\/site\/2011\/06\/01\/a-necessaria-educacao-sexual\/"},"wordCount":414,"commentCount":0,"image":{"@id":"https:\/\/revistaregional.com.br\/site\/2011\/06\/01\/a-necessaria-educacao-sexual\/#primaryimage"},"thumbnailUrl":"https:\/\/revistaregional.com.br\/site\/wp-content\/uploads\/2011\/06\/site-vida-ed-sexo.jpg","keywords":["Sa\u00fade e Beleza"],"articleSection":["Destaques","Sa\u00fade e Beleza"],"inLanguage":"pt-BR","potentialAction":[{"@type":"CommentAction","name":"Comment","target":["https:\/\/revistaregional.com.br\/site\/2011\/06\/01\/a-necessaria-educacao-sexual\/#respond"]}]},{"@type":"WebPage","@id":"https:\/\/revistaregional.com.br\/site\/2011\/06\/01\/a-necessaria-educacao-sexual\/","url":"https:\/\/revistaregional.com.br\/site\/2011\/06\/01\/a-necessaria-educacao-sexual\/","name":"A necess\u00e1ria educa\u00e7\u00e3o sexual - Revista Regional","isPartOf":{"@id":"https:\/\/revistaregional.com.br\/site\/#website"},"primaryImageOfPage":{"@id":"https:\/\/revistaregional.com.br\/site\/2011\/06\/01\/a-necessaria-educacao-sexual\/#primaryimage"},"image":{"@id":"https:\/\/revistaregional.com.br\/site\/2011\/06\/01\/a-necessaria-educacao-sexual\/#primaryimage"},"thumbnailUrl":"https:\/\/revistaregional.com.br\/site\/wp-content\/uploads\/2011\/06\/site-vida-ed-sexo.jpg","datePublished":"2011-06-01T18:08:21+00:00","dateModified":"2024-01-26T12:22:23+00:00","author":{"@id":"https:\/\/revistaregional.com.br\/site\/#\/schema\/person\/382af97c580dc1b18f55107bc316010d"},"breadcrumb":{"@id":"https:\/\/revistaregional.com.br\/site\/2011\/06\/01\/a-necessaria-educacao-sexual\/#breadcrumb"},"inLanguage":"pt-BR","potentialAction":[{"@type":"ReadAction","target":["https:\/\/revistaregional.com.br\/site\/2011\/06\/01\/a-necessaria-educacao-sexual\/"]}]},{"@type":"ImageObject","inLanguage":"pt-BR","@id":"https:\/\/revistaregional.com.br\/site\/2011\/06\/01\/a-necessaria-educacao-sexual\/#primaryimage","url":"https:\/\/revistaregional.com.br\/site\/wp-content\/uploads\/2011\/06\/site-vida-ed-sexo.jpg","contentUrl":"https:\/\/revistaregional.com.br\/site\/wp-content\/uploads\/2011\/06\/site-vida-ed-sexo.jpg","width":"640","height":"442","caption":"A educa\u00e7\u00e3o sexual deve estar presente desde a primeira inf\u00e2ncia"},{"@type":"BreadcrumbList","@id":"https:\/\/revistaregional.com.br\/site\/2011\/06\/01\/a-necessaria-educacao-sexual\/#breadcrumb","itemListElement":[{"@type":"ListItem","position":1,"name":"In\u00edcio","item":"https:\/\/revistaregional.com.br\/site\/"},{"@type":"ListItem","position":2,"name":"A necess\u00e1ria educa\u00e7\u00e3o sexual"}]},{"@type":"WebSite","@id":"https:\/\/revistaregional.com.br\/site\/#website","url":"https:\/\/revistaregional.com.br\/site\/","name":"Revista Regional","description":"Salto - Itu - Indaituba","potentialAction":[{"@type":"SearchAction","target":{"@type":"EntryPoint","urlTemplate":"https:\/\/revistaregional.com.br\/site\/?s={search_term_string}"},"query-input":{"@type":"PropertyValueSpecification","valueRequired":true,"valueName":"search_term_string"}}],"inLanguage":"pt-BR"},{"@type":"Person","@id":"https:\/\/revistaregional.com.br\/site\/#\/schema\/person\/382af97c580dc1b18f55107bc316010d","name":"contato@revistaregional.com.br","image":{"@type":"ImageObject","inLanguage":"pt-BR","@id":"https:\/\/secure.gravatar.com\/avatar\/869822917e96b2e292d5827e4635855396934485e7c4a0af84e9a214e32ca0cd?s=96&d=mm&r=g","url":"https:\/\/secure.gravatar.com\/avatar\/869822917e96b2e292d5827e4635855396934485e7c4a0af84e9a214e32ca0cd?s=96&d=mm&r=g","contentUrl":"https:\/\/secure.gravatar.com\/avatar\/869822917e96b2e292d5827e4635855396934485e7c4a0af84e9a214e32ca0cd?s=96&d=mm&r=g","caption":"contato@revistaregional.com.br"},"url":"https:\/\/revistaregional.com.br\/site\/author\/contato@revistaregional.com.br\/"}]}},"views":115,"_links":{"self":[{"href":"https:\/\/revistaregional.com.br\/site\/wp-json\/wp\/v2\/posts\/1233","targetHints":{"allow":["GET"]}}],"collection":[{"href":"https:\/\/revistaregional.com.br\/site\/wp-json\/wp\/v2\/posts"}],"about":[{"href":"https:\/\/revistaregional.com.br\/site\/wp-json\/wp\/v2\/types\/post"}],"author":[{"embeddable":true,"href":"https:\/\/revistaregional.com.br\/site\/wp-json\/wp\/v2\/users\/1"}],"replies":[{"embeddable":true,"href":"https:\/\/revistaregional.com.br\/site\/wp-json\/wp\/v2\/comments?post=1233"}],"version-history":[{"count":2,"href":"https:\/\/revistaregional.com.br\/site\/wp-json\/wp\/v2\/posts\/1233\/revisions"}],"predecessor-version":[{"id":1236,"href":"https:\/\/revistaregional.com.br\/site\/wp-json\/wp\/v2\/posts\/1233\/revisions\/1236"}],"wp:featuredmedia":[{"embeddable":true,"href":"https:\/\/revistaregional.com.br\/site\/wp-json\/wp\/v2\/media\/1234"}],"wp:attachment":[{"href":"https:\/\/revistaregional.com.br\/site\/wp-json\/wp\/v2\/media?parent=1233"}],"wp:term":[{"taxonomy":"category","embeddable":true,"href":"https:\/\/revistaregional.com.br\/site\/wp-json\/wp\/v2\/categories?post=1233"},{"taxonomy":"post_tag","embeddable":true,"href":"https:\/\/revistaregional.com.br\/site\/wp-json\/wp\/v2\/tags?post=1233"}],"curies":[{"name":"wp","href":"https:\/\/api.w.org\/{rel}","templated":true}]}}