{"id":1227,"date":"2011-06-01T15:05:59","date_gmt":"2011-06-01T18:05:59","guid":{"rendered":"http:\/\/revistaregional.com.br\/site\/?p=1227"},"modified":"2024-01-26T10:52:49","modified_gmt":"2024-01-26T13:52:49","slug":"itu-ganha-memorial-do-convento","status":"publish","type":"post","link":"https:\/\/revistaregional.com.br\/site\/2011\/06\/01\/itu-ganha-memorial-do-convento\/","title":{"rendered":"Itu ganha Memorial do Convento"},"content":{"rendered":"<p style=\"text-align: center;\"><em><\/p>\n<figure id=\"attachment_1228\" aria-describedby=\"caption-attachment-1228\" style=\"width: 384px\" class=\"wp-caption aligncenter\"><a rel=\"attachment wp-att-1228\" href=\"http:\/\/revistaregional.com.br\/site\/wp-content\/uploads\/2011\/06\/site-cultura-convento.jpg\"><img fetchpriority=\"high\" decoding=\"async\" class=\"size-full wp-image-1228 \" src=\"http:\/\/revistaregional.com.br\/site\/wp-content\/uploads\/2011\/06\/site-cultura-convento.jpg\" alt=\"\" width=\"384\" height=\"206\" srcset=\"https:\/\/revistaregional.com.br\/site\/wp-content\/uploads\/2011\/06\/site-cultura-convento.jpg 640w, https:\/\/revistaregional.com.br\/site\/wp-content\/uploads\/2011\/06\/site-cultura-convento-300x160.jpg 300w\" sizes=\"(max-width: 384px) 100vw, 384px\" \/><\/a><figcaption id=\"caption-attachment-1228\" class=\"wp-caption-text\">Aquarela \u201cConvento do Carmo de Itu\u201d, de Pery Blackman, pintada no Memorial do Convento do Carmo de Itu<\/figcaption><\/figure>\n<p>No \u00faltimo 21 de maio, Itu ganhou mais um espa\u00e7o cultural, o Memorial do Convento do Carmo \u201cDom Raimundo Lui\u201d<\/em><\/p>\n<p><em> <\/em><\/p>\n<p>A recupera\u00e7\u00e3o de um patrim\u00f4nio ituano foi celebrada com tr\u00eas eventos na noite de 21 de maio. A abertura do Memorial do Convento do Carmo de Itu \u201cDom Raimundo Lui\u201d foi um ganho cultural para toda a cidade. Reunindo objetos de arte sacra e de culto, o memorial preserva e divulga paramentos, imagens e livros que contam a hist\u00f3ria do convento ituano.<\/p>\n<p>Originado no in\u00edcio do s\u00e9culo XVIII, o Convento do Carmo, que homenageia o bispo ituano Dom Raimundo Lui, foi uma iniciativa do Prior do Convento, Frei Antonio S\u00edlvio da Costa Jr. e est\u00e1 instalado em uma das salas do antigo mosteiro.<\/p>\n<p>D. Raimundo Lui, o homenageado, pertenceu \u00e0 Ordem do Carmo e \u00e9 um personagem importante na hist\u00f3ria de Itu. Nasceu em 22 de julho de 1912, estudou em Mogi das Cruzes e S\u00e3o Paulo, onde foi ordenado sacerdote em 1939. Atuou como mission\u00e1rio na Bahia e como Capel\u00e3o-militar da Marinha do Rio de Janeiro. Viveu em um mosteiro na \u00c1ustria, dedicado \u00e0 vida contemplativa. Em 1962 foi sagrado bispo, tornando-se o primeiro da rec\u00e9m-criada Diocese de Paracatu. Participou ativamente do Conc\u00edlio Vaticano II. Em 1977 renunciou ao governo da Diocese e retornou \u00e0 vida conventual em Itu, Jaboticabal e S\u00e3o Paulo, onde faleceu em 1994.<\/p>\n<p>Promovido pelo Madrigal do Museu da M\u00fasica e com apoio da Secretaria Municipal de Cultura, na mesma noite da inaugura\u00e7\u00e3o do Memorial, o concerto \u201cO Romantismo na M\u00fasica Sacra em Itu\u201d foi apresentado ao p\u00fablico. Obras escritas por compositores italianos e amplamente utilizadas pelos antigos coros das igrejas da cidade est\u00e3o preservadas no arquivo do Museu da M\u00fasica e representam parte do patrim\u00f4nio imaterial ituano.<\/p>\n<p><strong> <\/strong><\/p>\n<p><strong>texto Gisele Scaravelli<\/strong><\/p>\n<p><strong>foto Divulga\u00e7\u00e3o<\/strong><\/p>\n","protected":false},"excerpt":{"rendered":"<p>No \u00faltimo 21 de maio, Itu ganhou mais um espa\u00e7o cultural, o Memorial do Convento do Carmo \u201cDom Raimundo Lui\u201d A recupera\u00e7\u00e3o de um patrim\u00f4nio ituano foi celebrada com tr\u00eas eventos na noite de 21 de maio. A abertura do Memorial do Convento do Carmo de Itu \u201cDom Raimundo Lui\u201d foi um ganho cultural para [&hellip;]<\/p>\n","protected":false},"author":1,"featured_media":1228,"comment_status":"open","ping_status":"open","sticky":false,"template":"","format":"standard","meta":{"_acf_changed":false,"ngg_post_thumbnail":0,"_joinchat":[],"footnotes":""},"categories":[4,3],"tags":[533],"class_list":["post-1227","post","type-post","status-publish","format-standard","has-post-thumbnail","hentry","category-cultura","category-destaques","tag-cultura"],"acf":[],"yoast_head":"<!-- This site is optimized with the Yoast SEO plugin v27.4 - https:\/\/yoast.com\/product\/yoast-seo-wordpress\/ -->\n<title>Itu ganha Memorial do Convento - Revista Regional<\/title>\n<meta name=\"robots\" content=\"index, follow, max-snippet:-1, max-image-preview:large, max-video-preview:-1\" \/>\n<link rel=\"canonical\" href=\"https:\/\/revistaregional.com.br\/site\/2011\/06\/01\/itu-ganha-memorial-do-convento\/\" \/>\n<meta property=\"og:locale\" content=\"pt_BR\" \/>\n<meta property=\"og:type\" content=\"article\" \/>\n<meta property=\"og:title\" content=\"Itu ganha Memorial do Convento - Revista Regional\" \/>\n<meta property=\"og:description\" content=\"No \u00faltimo 21 de maio, Itu ganhou mais um espa\u00e7o cultural, o Memorial do Convento do Carmo \u201cDom Raimundo Lui\u201d A recupera\u00e7\u00e3o de um patrim\u00f4nio ituano foi celebrada com tr\u00eas eventos na noite de 21 de maio. A abertura do Memorial do Convento do Carmo de Itu \u201cDom Raimundo Lui\u201d foi um ganho cultural para [&hellip;]\" \/>\n<meta property=\"og:url\" content=\"https:\/\/revistaregional.com.br\/site\/2011\/06\/01\/itu-ganha-memorial-do-convento\/\" \/>\n<meta property=\"og:site_name\" content=\"Revista Regional\" \/>\n<meta property=\"article:published_time\" content=\"2011-06-01T18:05:59+00:00\" \/>\n<meta property=\"article:modified_time\" content=\"2024-01-26T13:52:49+00:00\" \/>\n<meta property=\"og:image\" content=\"https:\/\/revistaregional.com.br\/site\/wp-content\/uploads\/2011\/06\/site-cultura-convento.jpg\" \/>\n\t<meta property=\"og:image:width\" content=\"640\" \/>\n\t<meta property=\"og:image:height\" content=\"343\" \/>\n\t<meta property=\"og:image:type\" content=\"image\/jpeg\" \/>\n<meta name=\"author\" content=\"contato@revistaregional.com.br\" \/>\n<meta name=\"twitter:card\" content=\"summary_large_image\" \/>\n<meta name=\"twitter:label1\" content=\"Escrito por\" \/>\n\t<meta name=\"twitter:data1\" content=\"contato@revistaregional.com.br\" \/>\n\t<meta name=\"twitter:label2\" content=\"Est. tempo de leitura\" \/>\n\t<meta name=\"twitter:data2\" content=\"2 minutos\" \/>\n<script type=\"application\/ld+json\" class=\"yoast-schema-graph\">{\"@context\":\"https:\\\/\\\/schema.org\",\"@graph\":[{\"@type\":\"Article\",\"@id\":\"https:\\\/\\\/revistaregional.com.br\\\/site\\\/2011\\\/06\\\/01\\\/itu-ganha-memorial-do-convento\\\/#article\",\"isPartOf\":{\"@id\":\"https:\\\/\\\/revistaregional.com.br\\\/site\\\/2011\\\/06\\\/01\\\/itu-ganha-memorial-do-convento\\\/\"},\"author\":{\"name\":\"contato@revistaregional.com.br\",\"@id\":\"https:\\\/\\\/revistaregional.com.br\\\/site\\\/#\\\/schema\\\/person\\\/382af97c580dc1b18f55107bc316010d\"},\"headline\":\"Itu ganha Memorial do Convento\",\"datePublished\":\"2011-06-01T18:05:59+00:00\",\"dateModified\":\"2024-01-26T13:52:49+00:00\",\"mainEntityOfPage\":{\"@id\":\"https:\\\/\\\/revistaregional.com.br\\\/site\\\/2011\\\/06\\\/01\\\/itu-ganha-memorial-do-convento\\\/\"},\"wordCount\":340,\"commentCount\":0,\"image\":{\"@id\":\"https:\\\/\\\/revistaregional.com.br\\\/site\\\/2011\\\/06\\\/01\\\/itu-ganha-memorial-do-convento\\\/#primaryimage\"},\"thumbnailUrl\":\"https:\\\/\\\/revistaregional.com.br\\\/site\\\/wp-content\\\/uploads\\\/2011\\\/06\\\/site-cultura-convento.jpg\",\"keywords\":[\"Cultura\"],\"articleSection\":[\"Cultura\",\"Destaques\"],\"inLanguage\":\"pt-BR\",\"potentialAction\":[{\"@type\":\"CommentAction\",\"name\":\"Comment\",\"target\":[\"https:\\\/\\\/revistaregional.com.br\\\/site\\\/2011\\\/06\\\/01\\\/itu-ganha-memorial-do-convento\\\/#respond\"]}]},{\"@type\":\"WebPage\",\"@id\":\"https:\\\/\\\/revistaregional.com.br\\\/site\\\/2011\\\/06\\\/01\\\/itu-ganha-memorial-do-convento\\\/\",\"url\":\"https:\\\/\\\/revistaregional.com.br\\\/site\\\/2011\\\/06\\\/01\\\/itu-ganha-memorial-do-convento\\\/\",\"name\":\"Itu ganha Memorial do Convento - Revista Regional\",\"isPartOf\":{\"@id\":\"https:\\\/\\\/revistaregional.com.br\\\/site\\\/#website\"},\"primaryImageOfPage\":{\"@id\":\"https:\\\/\\\/revistaregional.com.br\\\/site\\\/2011\\\/06\\\/01\\\/itu-ganha-memorial-do-convento\\\/#primaryimage\"},\"image\":{\"@id\":\"https:\\\/\\\/revistaregional.com.br\\\/site\\\/2011\\\/06\\\/01\\\/itu-ganha-memorial-do-convento\\\/#primaryimage\"},\"thumbnailUrl\":\"https:\\\/\\\/revistaregional.com.br\\\/site\\\/wp-content\\\/uploads\\\/2011\\\/06\\\/site-cultura-convento.jpg\",\"datePublished\":\"2011-06-01T18:05:59+00:00\",\"dateModified\":\"2024-01-26T13:52:49+00:00\",\"author\":{\"@id\":\"https:\\\/\\\/revistaregional.com.br\\\/site\\\/#\\\/schema\\\/person\\\/382af97c580dc1b18f55107bc316010d\"},\"breadcrumb\":{\"@id\":\"https:\\\/\\\/revistaregional.com.br\\\/site\\\/2011\\\/06\\\/01\\\/itu-ganha-memorial-do-convento\\\/#breadcrumb\"},\"inLanguage\":\"pt-BR\",\"potentialAction\":[{\"@type\":\"ReadAction\",\"target\":[\"https:\\\/\\\/revistaregional.com.br\\\/site\\\/2011\\\/06\\\/01\\\/itu-ganha-memorial-do-convento\\\/\"]}]},{\"@type\":\"ImageObject\",\"inLanguage\":\"pt-BR\",\"@id\":\"https:\\\/\\\/revistaregional.com.br\\\/site\\\/2011\\\/06\\\/01\\\/itu-ganha-memorial-do-convento\\\/#primaryimage\",\"url\":\"https:\\\/\\\/revistaregional.com.br\\\/site\\\/wp-content\\\/uploads\\\/2011\\\/06\\\/site-cultura-convento.jpg\",\"contentUrl\":\"https:\\\/\\\/revistaregional.com.br\\\/site\\\/wp-content\\\/uploads\\\/2011\\\/06\\\/site-cultura-convento.jpg\",\"width\":\"640\",\"height\":\"343\",\"caption\":\"Aquarela \u201cConvento do Carmo de Itu\u201d, de Pery Blackman, pintada no Memorial do Convento do Carmo de Itu\"},{\"@type\":\"BreadcrumbList\",\"@id\":\"https:\\\/\\\/revistaregional.com.br\\\/site\\\/2011\\\/06\\\/01\\\/itu-ganha-memorial-do-convento\\\/#breadcrumb\",\"itemListElement\":[{\"@type\":\"ListItem\",\"position\":1,\"name\":\"In\u00edcio\",\"item\":\"https:\\\/\\\/revistaregional.com.br\\\/site\\\/\"},{\"@type\":\"ListItem\",\"position\":2,\"name\":\"Itu ganha Memorial do Convento\"}]},{\"@type\":\"WebSite\",\"@id\":\"https:\\\/\\\/revistaregional.com.br\\\/site\\\/#website\",\"url\":\"https:\\\/\\\/revistaregional.com.br\\\/site\\\/\",\"name\":\"Revista Regional\",\"description\":\"Salto - Itu - Indaituba\",\"potentialAction\":[{\"@type\":\"SearchAction\",\"target\":{\"@type\":\"EntryPoint\",\"urlTemplate\":\"https:\\\/\\\/revistaregional.com.br\\\/site\\\/?s={search_term_string}\"},\"query-input\":{\"@type\":\"PropertyValueSpecification\",\"valueRequired\":true,\"valueName\":\"search_term_string\"}}],\"inLanguage\":\"pt-BR\"},{\"@type\":\"Person\",\"@id\":\"https:\\\/\\\/revistaregional.com.br\\\/site\\\/#\\\/schema\\\/person\\\/382af97c580dc1b18f55107bc316010d\",\"name\":\"contato@revistaregional.com.br\",\"image\":{\"@type\":\"ImageObject\",\"inLanguage\":\"pt-BR\",\"@id\":\"https:\\\/\\\/secure.gravatar.com\\\/avatar\\\/869822917e96b2e292d5827e4635855396934485e7c4a0af84e9a214e32ca0cd?s=96&d=mm&r=g\",\"url\":\"https:\\\/\\\/secure.gravatar.com\\\/avatar\\\/869822917e96b2e292d5827e4635855396934485e7c4a0af84e9a214e32ca0cd?s=96&d=mm&r=g\",\"contentUrl\":\"https:\\\/\\\/secure.gravatar.com\\\/avatar\\\/869822917e96b2e292d5827e4635855396934485e7c4a0af84e9a214e32ca0cd?s=96&d=mm&r=g\",\"caption\":\"contato@revistaregional.com.br\"},\"url\":\"https:\\\/\\\/revistaregional.com.br\\\/site\\\/author\\\/contato@revistaregional.com.br\\\/\"}]}<\/script>\n<!-- \/ Yoast SEO plugin. -->","yoast_head_json":{"title":"Itu ganha Memorial do Convento - Revista Regional","robots":{"index":"index","follow":"follow","max-snippet":"max-snippet:-1","max-image-preview":"max-image-preview:large","max-video-preview":"max-video-preview:-1"},"canonical":"https:\/\/revistaregional.com.br\/site\/2011\/06\/01\/itu-ganha-memorial-do-convento\/","og_locale":"pt_BR","og_type":"article","og_title":"Itu ganha Memorial do Convento - Revista Regional","og_description":"No \u00faltimo 21 de maio, Itu ganhou mais um espa\u00e7o cultural, o Memorial do Convento do Carmo \u201cDom Raimundo Lui\u201d A recupera\u00e7\u00e3o de um patrim\u00f4nio ituano foi celebrada com tr\u00eas eventos na noite de 21 de maio. A abertura do Memorial do Convento do Carmo de Itu \u201cDom Raimundo Lui\u201d foi um ganho cultural para [&hellip;]","og_url":"https:\/\/revistaregional.com.br\/site\/2011\/06\/01\/itu-ganha-memorial-do-convento\/","og_site_name":"Revista Regional","article_published_time":"2011-06-01T18:05:59+00:00","article_modified_time":"2024-01-26T13:52:49+00:00","og_image":[{"width":640,"height":343,"url":"https:\/\/revistaregional.com.br\/site\/wp-content\/uploads\/2011\/06\/site-cultura-convento.jpg","type":"image\/jpeg"}],"author":"contato@revistaregional.com.br","twitter_card":"summary_large_image","twitter_misc":{"Escrito por":"contato@revistaregional.com.br","Est. tempo de leitura":"2 minutos"},"schema":{"@context":"https:\/\/schema.org","@graph":[{"@type":"Article","@id":"https:\/\/revistaregional.com.br\/site\/2011\/06\/01\/itu-ganha-memorial-do-convento\/#article","isPartOf":{"@id":"https:\/\/revistaregional.com.br\/site\/2011\/06\/01\/itu-ganha-memorial-do-convento\/"},"author":{"name":"contato@revistaregional.com.br","@id":"https:\/\/revistaregional.com.br\/site\/#\/schema\/person\/382af97c580dc1b18f55107bc316010d"},"headline":"Itu ganha Memorial do Convento","datePublished":"2011-06-01T18:05:59+00:00","dateModified":"2024-01-26T13:52:49+00:00","mainEntityOfPage":{"@id":"https:\/\/revistaregional.com.br\/site\/2011\/06\/01\/itu-ganha-memorial-do-convento\/"},"wordCount":340,"commentCount":0,"image":{"@id":"https:\/\/revistaregional.com.br\/site\/2011\/06\/01\/itu-ganha-memorial-do-convento\/#primaryimage"},"thumbnailUrl":"https:\/\/revistaregional.com.br\/site\/wp-content\/uploads\/2011\/06\/site-cultura-convento.jpg","keywords":["Cultura"],"articleSection":["Cultura","Destaques"],"inLanguage":"pt-BR","potentialAction":[{"@type":"CommentAction","name":"Comment","target":["https:\/\/revistaregional.com.br\/site\/2011\/06\/01\/itu-ganha-memorial-do-convento\/#respond"]}]},{"@type":"WebPage","@id":"https:\/\/revistaregional.com.br\/site\/2011\/06\/01\/itu-ganha-memorial-do-convento\/","url":"https:\/\/revistaregional.com.br\/site\/2011\/06\/01\/itu-ganha-memorial-do-convento\/","name":"Itu ganha Memorial do Convento - Revista Regional","isPartOf":{"@id":"https:\/\/revistaregional.com.br\/site\/#website"},"primaryImageOfPage":{"@id":"https:\/\/revistaregional.com.br\/site\/2011\/06\/01\/itu-ganha-memorial-do-convento\/#primaryimage"},"image":{"@id":"https:\/\/revistaregional.com.br\/site\/2011\/06\/01\/itu-ganha-memorial-do-convento\/#primaryimage"},"thumbnailUrl":"https:\/\/revistaregional.com.br\/site\/wp-content\/uploads\/2011\/06\/site-cultura-convento.jpg","datePublished":"2011-06-01T18:05:59+00:00","dateModified":"2024-01-26T13:52:49+00:00","author":{"@id":"https:\/\/revistaregional.com.br\/site\/#\/schema\/person\/382af97c580dc1b18f55107bc316010d"},"breadcrumb":{"@id":"https:\/\/revistaregional.com.br\/site\/2011\/06\/01\/itu-ganha-memorial-do-convento\/#breadcrumb"},"inLanguage":"pt-BR","potentialAction":[{"@type":"ReadAction","target":["https:\/\/revistaregional.com.br\/site\/2011\/06\/01\/itu-ganha-memorial-do-convento\/"]}]},{"@type":"ImageObject","inLanguage":"pt-BR","@id":"https:\/\/revistaregional.com.br\/site\/2011\/06\/01\/itu-ganha-memorial-do-convento\/#primaryimage","url":"https:\/\/revistaregional.com.br\/site\/wp-content\/uploads\/2011\/06\/site-cultura-convento.jpg","contentUrl":"https:\/\/revistaregional.com.br\/site\/wp-content\/uploads\/2011\/06\/site-cultura-convento.jpg","width":"640","height":"343","caption":"Aquarela \u201cConvento do Carmo de Itu\u201d, de Pery Blackman, pintada no Memorial do Convento do Carmo de Itu"},{"@type":"BreadcrumbList","@id":"https:\/\/revistaregional.com.br\/site\/2011\/06\/01\/itu-ganha-memorial-do-convento\/#breadcrumb","itemListElement":[{"@type":"ListItem","position":1,"name":"In\u00edcio","item":"https:\/\/revistaregional.com.br\/site\/"},{"@type":"ListItem","position":2,"name":"Itu ganha Memorial do Convento"}]},{"@type":"WebSite","@id":"https:\/\/revistaregional.com.br\/site\/#website","url":"https:\/\/revistaregional.com.br\/site\/","name":"Revista Regional","description":"Salto - Itu - Indaituba","potentialAction":[{"@type":"SearchAction","target":{"@type":"EntryPoint","urlTemplate":"https:\/\/revistaregional.com.br\/site\/?s={search_term_string}"},"query-input":{"@type":"PropertyValueSpecification","valueRequired":true,"valueName":"search_term_string"}}],"inLanguage":"pt-BR"},{"@type":"Person","@id":"https:\/\/revistaregional.com.br\/site\/#\/schema\/person\/382af97c580dc1b18f55107bc316010d","name":"contato@revistaregional.com.br","image":{"@type":"ImageObject","inLanguage":"pt-BR","@id":"https:\/\/secure.gravatar.com\/avatar\/869822917e96b2e292d5827e4635855396934485e7c4a0af84e9a214e32ca0cd?s=96&d=mm&r=g","url":"https:\/\/secure.gravatar.com\/avatar\/869822917e96b2e292d5827e4635855396934485e7c4a0af84e9a214e32ca0cd?s=96&d=mm&r=g","contentUrl":"https:\/\/secure.gravatar.com\/avatar\/869822917e96b2e292d5827e4635855396934485e7c4a0af84e9a214e32ca0cd?s=96&d=mm&r=g","caption":"contato@revistaregional.com.br"},"url":"https:\/\/revistaregional.com.br\/site\/author\/contato@revistaregional.com.br\/"}]}},"views":121,"_links":{"self":[{"href":"https:\/\/revistaregional.com.br\/site\/wp-json\/wp\/v2\/posts\/1227","targetHints":{"allow":["GET"]}}],"collection":[{"href":"https:\/\/revistaregional.com.br\/site\/wp-json\/wp\/v2\/posts"}],"about":[{"href":"https:\/\/revistaregional.com.br\/site\/wp-json\/wp\/v2\/types\/post"}],"author":[{"embeddable":true,"href":"https:\/\/revistaregional.com.br\/site\/wp-json\/wp\/v2\/users\/1"}],"replies":[{"embeddable":true,"href":"https:\/\/revistaregional.com.br\/site\/wp-json\/wp\/v2\/comments?post=1227"}],"version-history":[{"count":4,"href":"https:\/\/revistaregional.com.br\/site\/wp-json\/wp\/v2\/posts\/1227\/revisions"}],"predecessor-version":[{"id":1232,"href":"https:\/\/revistaregional.com.br\/site\/wp-json\/wp\/v2\/posts\/1227\/revisions\/1232"}],"wp:featuredmedia":[{"embeddable":true,"href":"https:\/\/revistaregional.com.br\/site\/wp-json\/wp\/v2\/media\/1228"}],"wp:attachment":[{"href":"https:\/\/revistaregional.com.br\/site\/wp-json\/wp\/v2\/media?parent=1227"}],"wp:term":[{"taxonomy":"category","embeddable":true,"href":"https:\/\/revistaregional.com.br\/site\/wp-json\/wp\/v2\/categories?post=1227"},{"taxonomy":"post_tag","embeddable":true,"href":"https:\/\/revistaregional.com.br\/site\/wp-json\/wp\/v2\/tags?post=1227"}],"curies":[{"name":"wp","href":"https:\/\/api.w.org\/{rel}","templated":true}]}}