{"id":11318,"date":"2016-03-28T15:39:19","date_gmt":"2016-03-28T15:39:19","guid":{"rendered":"http:\/\/revistaregional.com.br\/site\/?p=11318"},"modified":"2024-01-26T10:59:47","modified_gmt":"2024-01-26T13:59:47","slug":"senhor-barriga-em-salto","status":"publish","type":"post","link":"https:\/\/revistaregional.com.br\/site\/2016\/03\/28\/senhor-barriga-em-salto\/","title":{"rendered":"\u2018Senhor Barriga\u2019 em Salto"},"content":{"rendered":"<figure id=\"attachment_11320\" aria-describedby=\"caption-attachment-11320\" style=\"width: 223px\" class=\"wp-caption alignright\"><a href=\"http:\/\/revistaregional.com.br\/site\/wp-content\/uploads\/2017\/08\/agenda-SrBarriga_02-223x300.jpg\"><img fetchpriority=\"high\" decoding=\"async\" class=\"size-full wp-image-11320\" src=\"http:\/\/revistaregional.com.br\/site\/wp-content\/uploads\/2017\/08\/agenda-SrBarriga_02-223x300.jpg\" alt=\"\" width=\"223\" height=\"300\" data-id=\"11320\" srcset=\"https:\/\/revistaregional.com.br\/site\/wp-content\/uploads\/2017\/08\/agenda-SrBarriga_02-223x300.jpg 223w, https:\/\/revistaregional.com.br\/site\/wp-content\/uploads\/2017\/08\/agenda-SrBarriga_02-223x300-112x150.jpg 112w\" sizes=\"(max-width: 223px) 100vw, 223px\" \/><\/a><figcaption id=\"caption-attachment-11320\" class=\"wp-caption-text\">\u201cSenhor Barriga\u201d se apresenta dia 02 em Salto<\/figcaption><\/figure>\n<p>J\u00e1 chegou o disco voador! Diretamente do M\u00e9xico, o carism\u00e1tico Senhor Barriga, interpretado pelo comediante Edgar Vivar, estar\u00e1 pela primeira vez em Salto para cobrar o aluguel&#8230; Digo, para um encontro emocionante com os f\u00e3s das s\u00e9ries \u201cChaves\u201d e \u201cChapolin\u201d! Conhecido pelos bord\u00f5es &#8220;Tinha que ser o Chaves de novo!&#8221; ou o incans\u00e1vel &#8220;Pague o aluguel!&#8221;, o simp\u00e1tico e bonach\u00e3o &#8220;dono da vila&#8221; contar\u00e1 hist\u00f3rias e curiosidades das grava\u00e7\u00f5es, cantar\u00e1 algumas m\u00fasicas do seriado, exibir\u00e1 v\u00eddeos exclusivos dos bastidores de Chaves e Chapolin e ainda responder\u00e1 perguntas da plateia. Os f\u00e3s ter\u00e3o a chance de ver o Senhor Barriga no palco sendo interpretado por esse grande ator que conquistou o Brasil h\u00e1 mais de 30 anos.&nbsp; Essa divertida turn\u00ea comemora os dez anos da TeatroGT e estar\u00e1 em Salto no dia 02 de abril, s\u00e1bado, \u00e0s 21h, na Sala Palma de Ouro.<\/p>\n<p>MAIS: A Sala Palma de Ouro fica na rua Prudente de Moraes, 580 \u2013 Salto. Informa\u00e7\u00f5es: (11) 4602-8693\u2013 <a href=\"http:\/\/www.teatrogt.com.br\/\">www.teatrogt.com.br<\/a><\/p>\n<p><em>&nbsp;foto: Divulga\u00e7\u00e3o<\/em><\/p>\n","protected":false},"excerpt":{"rendered":"<p>J\u00e1 chegou o disco voador! Diretamente do M\u00e9xico, o carism\u00e1tico Senhor Barriga, interpretado pelo comediante Edgar Vivar, estar\u00e1 pela primeira vez em Salto para cobrar o aluguel&#8230; Digo, para um encontro emocionante com os f\u00e3s das s\u00e9ries \u201cChaves\u201d e \u201cChapolin\u201d! Conhecido pelos bord\u00f5es &#8220;Tinha que ser o Chaves de novo!&#8221; ou o incans\u00e1vel &#8220;Pague o [&hellip;]<\/p>\n","protected":false},"author":1,"featured_media":11298,"comment_status":"open","ping_status":"open","sticky":false,"template":"","format":"standard","meta":{"_acf_changed":false,"ngg_post_thumbnail":0,"_joinchat":[],"footnotes":""},"categories":[4],"tags":[533],"class_list":["post-11318","post","type-post","status-publish","format-standard","has-post-thumbnail","hentry","category-cultura","tag-cultura"],"acf":[],"yoast_head":"<!-- This site is optimized with the Yoast SEO plugin v27.4 - https:\/\/yoast.com\/product\/yoast-seo-wordpress\/ -->\n<title>\u2018Senhor Barriga\u2019 em Salto - Revista Regional<\/title>\n<meta name=\"robots\" content=\"index, follow, max-snippet:-1, max-image-preview:large, max-video-preview:-1\" \/>\n<link rel=\"canonical\" href=\"https:\/\/revistaregional.com.br\/site\/2016\/03\/28\/senhor-barriga-em-salto\/\" \/>\n<meta property=\"og:locale\" content=\"pt_BR\" \/>\n<meta property=\"og:type\" content=\"article\" \/>\n<meta property=\"og:title\" content=\"\u2018Senhor Barriga\u2019 em Salto - Revista Regional\" \/>\n<meta property=\"og:description\" content=\"J\u00e1 chegou o disco voador! Diretamente do M\u00e9xico, o carism\u00e1tico Senhor Barriga, interpretado pelo comediante Edgar Vivar, estar\u00e1 pela primeira vez em Salto para cobrar o aluguel&#8230; Digo, para um encontro emocionante com os f\u00e3s das s\u00e9ries \u201cChaves\u201d e \u201cChapolin\u201d! Conhecido pelos bord\u00f5es &#8220;Tinha que ser o Chaves de novo!&#8221; ou o incans\u00e1vel &#8220;Pague o [&hellip;]\" \/>\n<meta property=\"og:url\" content=\"https:\/\/revistaregional.com.br\/site\/2016\/03\/28\/senhor-barriga-em-salto\/\" \/>\n<meta property=\"og:site_name\" content=\"Revista Regional\" \/>\n<meta property=\"article:published_time\" content=\"2016-03-28T15:39:19+00:00\" \/>\n<meta property=\"article:modified_time\" content=\"2024-01-26T13:59:47+00:00\" \/>\n<meta property=\"og:image\" content=\"https:\/\/revistaregional.com.br\/site\/wp-content\/uploads\/2016\/07\/senhor_barriga.jpg\" \/>\n\t<meta property=\"og:image:width\" content=\"160\" \/>\n\t<meta property=\"og:image:height\" content=\"150\" \/>\n\t<meta property=\"og:image:type\" content=\"image\/jpeg\" \/>\n<meta name=\"author\" content=\"contato@revistaregional.com.br\" \/>\n<meta name=\"twitter:card\" content=\"summary_large_image\" \/>\n<meta name=\"twitter:label1\" content=\"Escrito por\" \/>\n\t<meta name=\"twitter:data1\" content=\"contato@revistaregional.com.br\" \/>\n\t<meta name=\"twitter:label2\" content=\"Est. tempo de leitura\" \/>\n\t<meta name=\"twitter:data2\" content=\"1 minuto\" \/>\n<script type=\"application\/ld+json\" class=\"yoast-schema-graph\">{\"@context\":\"https:\\\/\\\/schema.org\",\"@graph\":[{\"@type\":\"Article\",\"@id\":\"https:\\\/\\\/revistaregional.com.br\\\/site\\\/2016\\\/03\\\/28\\\/senhor-barriga-em-salto\\\/#article\",\"isPartOf\":{\"@id\":\"https:\\\/\\\/revistaregional.com.br\\\/site\\\/2016\\\/03\\\/28\\\/senhor-barriga-em-salto\\\/\"},\"author\":{\"name\":\"contato@revistaregional.com.br\",\"@id\":\"https:\\\/\\\/revistaregional.com.br\\\/site\\\/#\\\/schema\\\/person\\\/382af97c580dc1b18f55107bc316010d\"},\"headline\":\"\u2018Senhor Barriga\u2019 em Salto\",\"datePublished\":\"2016-03-28T15:39:19+00:00\",\"dateModified\":\"2024-01-26T13:59:47+00:00\",\"mainEntityOfPage\":{\"@id\":\"https:\\\/\\\/revistaregional.com.br\\\/site\\\/2016\\\/03\\\/28\\\/senhor-barriga-em-salto\\\/\"},\"wordCount\":198,\"commentCount\":0,\"image\":{\"@id\":\"https:\\\/\\\/revistaregional.com.br\\\/site\\\/2016\\\/03\\\/28\\\/senhor-barriga-em-salto\\\/#primaryimage\"},\"thumbnailUrl\":\"https:\\\/\\\/revistaregional.com.br\\\/site\\\/wp-content\\\/uploads\\\/2016\\\/07\\\/senhor_barriga.jpg\",\"keywords\":[\"Cultura\"],\"articleSection\":[\"Cultura\"],\"inLanguage\":\"pt-BR\",\"potentialAction\":[{\"@type\":\"CommentAction\",\"name\":\"Comment\",\"target\":[\"https:\\\/\\\/revistaregional.com.br\\\/site\\\/2016\\\/03\\\/28\\\/senhor-barriga-em-salto\\\/#respond\"]}]},{\"@type\":\"WebPage\",\"@id\":\"https:\\\/\\\/revistaregional.com.br\\\/site\\\/2016\\\/03\\\/28\\\/senhor-barriga-em-salto\\\/\",\"url\":\"https:\\\/\\\/revistaregional.com.br\\\/site\\\/2016\\\/03\\\/28\\\/senhor-barriga-em-salto\\\/\",\"name\":\"\u2018Senhor Barriga\u2019 em Salto - Revista Regional\",\"isPartOf\":{\"@id\":\"https:\\\/\\\/revistaregional.com.br\\\/site\\\/#website\"},\"primaryImageOfPage\":{\"@id\":\"https:\\\/\\\/revistaregional.com.br\\\/site\\\/2016\\\/03\\\/28\\\/senhor-barriga-em-salto\\\/#primaryimage\"},\"image\":{\"@id\":\"https:\\\/\\\/revistaregional.com.br\\\/site\\\/2016\\\/03\\\/28\\\/senhor-barriga-em-salto\\\/#primaryimage\"},\"thumbnailUrl\":\"https:\\\/\\\/revistaregional.com.br\\\/site\\\/wp-content\\\/uploads\\\/2016\\\/07\\\/senhor_barriga.jpg\",\"datePublished\":\"2016-03-28T15:39:19+00:00\",\"dateModified\":\"2024-01-26T13:59:47+00:00\",\"author\":{\"@id\":\"https:\\\/\\\/revistaregional.com.br\\\/site\\\/#\\\/schema\\\/person\\\/382af97c580dc1b18f55107bc316010d\"},\"breadcrumb\":{\"@id\":\"https:\\\/\\\/revistaregional.com.br\\\/site\\\/2016\\\/03\\\/28\\\/senhor-barriga-em-salto\\\/#breadcrumb\"},\"inLanguage\":\"pt-BR\",\"potentialAction\":[{\"@type\":\"ReadAction\",\"target\":[\"https:\\\/\\\/revistaregional.com.br\\\/site\\\/2016\\\/03\\\/28\\\/senhor-barriga-em-salto\\\/\"]}]},{\"@type\":\"ImageObject\",\"inLanguage\":\"pt-BR\",\"@id\":\"https:\\\/\\\/revistaregional.com.br\\\/site\\\/2016\\\/03\\\/28\\\/senhor-barriga-em-salto\\\/#primaryimage\",\"url\":\"https:\\\/\\\/revistaregional.com.br\\\/site\\\/wp-content\\\/uploads\\\/2016\\\/07\\\/senhor_barriga.jpg\",\"contentUrl\":\"https:\\\/\\\/revistaregional.com.br\\\/site\\\/wp-content\\\/uploads\\\/2016\\\/07\\\/senhor_barriga.jpg\",\"width\":160,\"height\":150},{\"@type\":\"BreadcrumbList\",\"@id\":\"https:\\\/\\\/revistaregional.com.br\\\/site\\\/2016\\\/03\\\/28\\\/senhor-barriga-em-salto\\\/#breadcrumb\",\"itemListElement\":[{\"@type\":\"ListItem\",\"position\":1,\"name\":\"In\u00edcio\",\"item\":\"https:\\\/\\\/revistaregional.com.br\\\/site\\\/\"},{\"@type\":\"ListItem\",\"position\":2,\"name\":\"\u2018Senhor Barriga\u2019 em Salto\"}]},{\"@type\":\"WebSite\",\"@id\":\"https:\\\/\\\/revistaregional.com.br\\\/site\\\/#website\",\"url\":\"https:\\\/\\\/revistaregional.com.br\\\/site\\\/\",\"name\":\"Revista Regional\",\"description\":\"Salto - Itu - Indaituba\",\"potentialAction\":[{\"@type\":\"SearchAction\",\"target\":{\"@type\":\"EntryPoint\",\"urlTemplate\":\"https:\\\/\\\/revistaregional.com.br\\\/site\\\/?s={search_term_string}\"},\"query-input\":{\"@type\":\"PropertyValueSpecification\",\"valueRequired\":true,\"valueName\":\"search_term_string\"}}],\"inLanguage\":\"pt-BR\"},{\"@type\":\"Person\",\"@id\":\"https:\\\/\\\/revistaregional.com.br\\\/site\\\/#\\\/schema\\\/person\\\/382af97c580dc1b18f55107bc316010d\",\"name\":\"contato@revistaregional.com.br\",\"image\":{\"@type\":\"ImageObject\",\"inLanguage\":\"pt-BR\",\"@id\":\"https:\\\/\\\/secure.gravatar.com\\\/avatar\\\/869822917e96b2e292d5827e4635855396934485e7c4a0af84e9a214e32ca0cd?s=96&d=mm&r=g\",\"url\":\"https:\\\/\\\/secure.gravatar.com\\\/avatar\\\/869822917e96b2e292d5827e4635855396934485e7c4a0af84e9a214e32ca0cd?s=96&d=mm&r=g\",\"contentUrl\":\"https:\\\/\\\/secure.gravatar.com\\\/avatar\\\/869822917e96b2e292d5827e4635855396934485e7c4a0af84e9a214e32ca0cd?s=96&d=mm&r=g\",\"caption\":\"contato@revistaregional.com.br\"},\"url\":\"https:\\\/\\\/revistaregional.com.br\\\/site\\\/author\\\/contato@revistaregional.com.br\\\/\"}]}<\/script>\n<!-- \/ Yoast SEO plugin. -->","yoast_head_json":{"title":"\u2018Senhor Barriga\u2019 em Salto - Revista Regional","robots":{"index":"index","follow":"follow","max-snippet":"max-snippet:-1","max-image-preview":"max-image-preview:large","max-video-preview":"max-video-preview:-1"},"canonical":"https:\/\/revistaregional.com.br\/site\/2016\/03\/28\/senhor-barriga-em-salto\/","og_locale":"pt_BR","og_type":"article","og_title":"\u2018Senhor Barriga\u2019 em Salto - Revista Regional","og_description":"J\u00e1 chegou o disco voador! Diretamente do M\u00e9xico, o carism\u00e1tico Senhor Barriga, interpretado pelo comediante Edgar Vivar, estar\u00e1 pela primeira vez em Salto para cobrar o aluguel&#8230; Digo, para um encontro emocionante com os f\u00e3s das s\u00e9ries \u201cChaves\u201d e \u201cChapolin\u201d! Conhecido pelos bord\u00f5es &#8220;Tinha que ser o Chaves de novo!&#8221; ou o incans\u00e1vel &#8220;Pague o [&hellip;]","og_url":"https:\/\/revistaregional.com.br\/site\/2016\/03\/28\/senhor-barriga-em-salto\/","og_site_name":"Revista Regional","article_published_time":"2016-03-28T15:39:19+00:00","article_modified_time":"2024-01-26T13:59:47+00:00","og_image":[{"width":160,"height":150,"url":"https:\/\/revistaregional.com.br\/site\/wp-content\/uploads\/2016\/07\/senhor_barriga.jpg","type":"image\/jpeg"}],"author":"contato@revistaregional.com.br","twitter_card":"summary_large_image","twitter_misc":{"Escrito por":"contato@revistaregional.com.br","Est. tempo de leitura":"1 minuto"},"schema":{"@context":"https:\/\/schema.org","@graph":[{"@type":"Article","@id":"https:\/\/revistaregional.com.br\/site\/2016\/03\/28\/senhor-barriga-em-salto\/#article","isPartOf":{"@id":"https:\/\/revistaregional.com.br\/site\/2016\/03\/28\/senhor-barriga-em-salto\/"},"author":{"name":"contato@revistaregional.com.br","@id":"https:\/\/revistaregional.com.br\/site\/#\/schema\/person\/382af97c580dc1b18f55107bc316010d"},"headline":"\u2018Senhor Barriga\u2019 em Salto","datePublished":"2016-03-28T15:39:19+00:00","dateModified":"2024-01-26T13:59:47+00:00","mainEntityOfPage":{"@id":"https:\/\/revistaregional.com.br\/site\/2016\/03\/28\/senhor-barriga-em-salto\/"},"wordCount":198,"commentCount":0,"image":{"@id":"https:\/\/revistaregional.com.br\/site\/2016\/03\/28\/senhor-barriga-em-salto\/#primaryimage"},"thumbnailUrl":"https:\/\/revistaregional.com.br\/site\/wp-content\/uploads\/2016\/07\/senhor_barriga.jpg","keywords":["Cultura"],"articleSection":["Cultura"],"inLanguage":"pt-BR","potentialAction":[{"@type":"CommentAction","name":"Comment","target":["https:\/\/revistaregional.com.br\/site\/2016\/03\/28\/senhor-barriga-em-salto\/#respond"]}]},{"@type":"WebPage","@id":"https:\/\/revistaregional.com.br\/site\/2016\/03\/28\/senhor-barriga-em-salto\/","url":"https:\/\/revistaregional.com.br\/site\/2016\/03\/28\/senhor-barriga-em-salto\/","name":"\u2018Senhor Barriga\u2019 em Salto - Revista Regional","isPartOf":{"@id":"https:\/\/revistaregional.com.br\/site\/#website"},"primaryImageOfPage":{"@id":"https:\/\/revistaregional.com.br\/site\/2016\/03\/28\/senhor-barriga-em-salto\/#primaryimage"},"image":{"@id":"https:\/\/revistaregional.com.br\/site\/2016\/03\/28\/senhor-barriga-em-salto\/#primaryimage"},"thumbnailUrl":"https:\/\/revistaregional.com.br\/site\/wp-content\/uploads\/2016\/07\/senhor_barriga.jpg","datePublished":"2016-03-28T15:39:19+00:00","dateModified":"2024-01-26T13:59:47+00:00","author":{"@id":"https:\/\/revistaregional.com.br\/site\/#\/schema\/person\/382af97c580dc1b18f55107bc316010d"},"breadcrumb":{"@id":"https:\/\/revistaregional.com.br\/site\/2016\/03\/28\/senhor-barriga-em-salto\/#breadcrumb"},"inLanguage":"pt-BR","potentialAction":[{"@type":"ReadAction","target":["https:\/\/revistaregional.com.br\/site\/2016\/03\/28\/senhor-barriga-em-salto\/"]}]},{"@type":"ImageObject","inLanguage":"pt-BR","@id":"https:\/\/revistaregional.com.br\/site\/2016\/03\/28\/senhor-barriga-em-salto\/#primaryimage","url":"https:\/\/revistaregional.com.br\/site\/wp-content\/uploads\/2016\/07\/senhor_barriga.jpg","contentUrl":"https:\/\/revistaregional.com.br\/site\/wp-content\/uploads\/2016\/07\/senhor_barriga.jpg","width":160,"height":150},{"@type":"BreadcrumbList","@id":"https:\/\/revistaregional.com.br\/site\/2016\/03\/28\/senhor-barriga-em-salto\/#breadcrumb","itemListElement":[{"@type":"ListItem","position":1,"name":"In\u00edcio","item":"https:\/\/revistaregional.com.br\/site\/"},{"@type":"ListItem","position":2,"name":"\u2018Senhor Barriga\u2019 em Salto"}]},{"@type":"WebSite","@id":"https:\/\/revistaregional.com.br\/site\/#website","url":"https:\/\/revistaregional.com.br\/site\/","name":"Revista Regional","description":"Salto - Itu - Indaituba","potentialAction":[{"@type":"SearchAction","target":{"@type":"EntryPoint","urlTemplate":"https:\/\/revistaregional.com.br\/site\/?s={search_term_string}"},"query-input":{"@type":"PropertyValueSpecification","valueRequired":true,"valueName":"search_term_string"}}],"inLanguage":"pt-BR"},{"@type":"Person","@id":"https:\/\/revistaregional.com.br\/site\/#\/schema\/person\/382af97c580dc1b18f55107bc316010d","name":"contato@revistaregional.com.br","image":{"@type":"ImageObject","inLanguage":"pt-BR","@id":"https:\/\/secure.gravatar.com\/avatar\/869822917e96b2e292d5827e4635855396934485e7c4a0af84e9a214e32ca0cd?s=96&d=mm&r=g","url":"https:\/\/secure.gravatar.com\/avatar\/869822917e96b2e292d5827e4635855396934485e7c4a0af84e9a214e32ca0cd?s=96&d=mm&r=g","contentUrl":"https:\/\/secure.gravatar.com\/avatar\/869822917e96b2e292d5827e4635855396934485e7c4a0af84e9a214e32ca0cd?s=96&d=mm&r=g","caption":"contato@revistaregional.com.br"},"url":"https:\/\/revistaregional.com.br\/site\/author\/contato@revistaregional.com.br\/"}]}},"views":35,"_links":{"self":[{"href":"https:\/\/revistaregional.com.br\/site\/wp-json\/wp\/v2\/posts\/11318","targetHints":{"allow":["GET"]}}],"collection":[{"href":"https:\/\/revistaregional.com.br\/site\/wp-json\/wp\/v2\/posts"}],"about":[{"href":"https:\/\/revistaregional.com.br\/site\/wp-json\/wp\/v2\/types\/post"}],"author":[{"embeddable":true,"href":"https:\/\/revistaregional.com.br\/site\/wp-json\/wp\/v2\/users\/1"}],"replies":[{"embeddable":true,"href":"https:\/\/revistaregional.com.br\/site\/wp-json\/wp\/v2\/comments?post=11318"}],"version-history":[{"count":1,"href":"https:\/\/revistaregional.com.br\/site\/wp-json\/wp\/v2\/posts\/11318\/revisions"}],"predecessor-version":[{"id":11325,"href":"https:\/\/revistaregional.com.br\/site\/wp-json\/wp\/v2\/posts\/11318\/revisions\/11325"}],"wp:featuredmedia":[{"embeddable":true,"href":"https:\/\/revistaregional.com.br\/site\/wp-json\/wp\/v2\/media\/11298"}],"wp:attachment":[{"href":"https:\/\/revistaregional.com.br\/site\/wp-json\/wp\/v2\/media?parent=11318"}],"wp:term":[{"taxonomy":"category","embeddable":true,"href":"https:\/\/revistaregional.com.br\/site\/wp-json\/wp\/v2\/categories?post=11318"},{"taxonomy":"post_tag","embeddable":true,"href":"https:\/\/revistaregional.com.br\/site\/wp-json\/wp\/v2\/tags?post=11318"}],"curies":[{"name":"wp","href":"https:\/\/api.w.org\/{rel}","templated":true}]}}